{"id":6091,"date":"2021-12-20T19:08:04","date_gmt":"2021-12-20T19:08:04","guid":{"rendered":"https:\/\/www.satb.sk\/?p=6091"},"modified":"2021-12-20T19:11:19","modified_gmt":"2021-12-20T19:11:19","slug":"20-den-vstavajte-pastieri","status":"publish","type":"post","link":"https:\/\/www.satb.sk\/index.php\/2021\/12\/20\/20-den-vstavajte-pastieri\/","title":{"rendered":"20. de\u0148: Vst\u00e1vajte, pastieri"},"content":{"rendered":"<h5><em><strong>Koleda v \u00faprave slovensk\u00e9ho majstra.\u00a0<\/strong><\/em><\/h5>\n<p><!--more--><\/p>\n<p>Po\u010das posledn\u00fdch dvadsiatich dn\u00ed sme pre\u0161li koledy z r\u00f4znych kraj\u00edn &#8211; od Ukrajiny a\u017e po Kanadu. Dnes sme do adventn\u00e9ho kalend\u00e1ra zaradili zn\u00e1mu koledu v \u00faprave od v\u00fdznamen\u00e9ho slovensk\u00e9ho skladate\u013ea <strong>Alexandra Moyzesa<\/strong> (1906 \u2013 1984) . Alexander Moyzes, syn Mikul\u00e1\u0161a Moyzesa, patr\u00ed medzi najd\u00f4le\u017eitej\u0161\u00edch slovensk\u00fdch skladate\u013eov 20. storo\u010dia. Okrem komponovania sa venoval aj pedagogickej \u010dinnosti a medzi jeho \u017eiakov patrili v\u00fdznamen\u00e9 osobnosti hudobn\u00e9ho \u017eivota na Slovensku ako napr. Ladislav Burlas, Dezider Kardo\u0161, Andrej O\u010den\u00e1\u0161, Tibor Fre\u0161o, Ivan Hru\u0161ovsk\u00fd, Ivan Par\u00edk, Jozef Sixta, Juraj Hatr\u00edk, Igor B\u00e1zlik, \u010di Peter Breiner. Moyzes komponoval r\u00f4zne druhy skladieb, vr\u00e1tane vok\u00e1lnych skladieb pre spev\u00e1cke zbory.<br \/>\nV roku 1966 vydal p\u00e4\u0165 kolied v zbierke <em><strong>Koledy op. 62<\/strong><\/em> v \u00faprave pre mie\u0161an\u00fd spev\u00e1cky zbor. Pr\u00e1ve z tejto zbierky je aj dne\u0161n\u00e1 koleda <em><strong>Vst\u00e1vajte, pastieri.\u00a0<\/strong><\/em><\/p>\n<p style=\"text-align: center;\">Notov\u00fd materi\u00e1l <a href=\"https:\/\/www.musicaslovaca.sk\/index.php?route=product\/product&amp;path=62_63&amp;product_id=1275&amp;mfp=3f-podla-mena-vazna-hudba[44]\" target=\"_blank\" rel=\"noopener\"><strong>pre mie\u0161an\u00fd zbor<\/strong><\/a><\/p>\n<p><span class=\"embed-youtube\" style=\"text-align:center; display: block;\"><iframe loading=\"lazy\" class=\"youtube-player\" width=\"837\" height=\"471\" src=\"https:\/\/www.youtube.com\/embed\/SZZwMWRuGIA?version=3&#038;rel=1&#038;showsearch=0&#038;showinfo=1&#038;iv_load_policy=1&#038;fs=1&#038;hl=sk-SK&#038;autohide=2&#038;start=165&#038;wmode=transparent\" allowfullscreen=\"true\" style=\"border:0;\" sandbox=\"allow-scripts allow-same-origin allow-popups allow-presentation\"><\/iframe><\/span><\/p>\n<p>Pripravilo: <em>satb.sK<\/em><\/p>\n","protected":false},"excerpt":{"rendered":"<p>Koleda v \u00faprave slovensk\u00e9ho majstra.\u00a0<\/p>\n","protected":false},"author":1,"featured_media":6092,"comment_status":"closed","ping_status":"closed","sticky":false,"template":"","format":"standard","meta":{"om_disable_all_campaigns":false,"_monsterinsights_skip_tracking":false,"_monsterinsights_sitenote_active":false,"_monsterinsights_sitenote_note":"","_monsterinsights_sitenote_category":0,"spay_email":"","footnotes":"","jetpack_publicize_message":"","jetpack_is_tweetstorm":false},"categories":[144,49],"tags":[36,143],"class_list":["post-6091","post","type-post","status-publish","format-standard","has-post-thumbnail","hentry","category-adventny-kalendar-2021","category-aktualne","tag-adventny-kalendar","tag-adventny-kalendar-2021"],"aioseo_notices":[],"jetpack_featured_media_url":"https:\/\/i1.wp.com\/www.satb.sk\/wp-content\/uploads\/2021\/12\/20.-Vstavajte-pastieri_AK21_web.png?fit=2080%2C780&ssl=1","jetpack_publicize_connections":[],"jetpack_sharing_enabled":true,"jetpack_shortlink":"https:\/\/wp.me\/pav5wC-1Af","jetpack-related-posts":[{"id":600,"url":"https:\/\/www.satb.sk\/index.php\/2018\/12\/20\/20-den-ninaj-nijaj\/","url_meta":{"origin":6091,"position":0},"title":"20. de\u0148: Ninaj, nijaj","date":"20 decembra, 2018","format":false,"excerpt":"Dvadsiaty de\u0148 adventn\u00e9ho kalend\u00e1ra patr\u00ed kolede v \u00faprave \u010fal\u0161ieho slovensk\u00e9ho velik\u00e1na. Ninaj, ninaj.\u00a0 J\u00e1n Cikker\u00a0(1911 - 1989) patril medzi slovensk\u00fdch skladate\u013eov, ktor\u00fdch tvorba bola silne in\u0161pirovan\u00e1 \u013eudovou tvorbou. Preto nie je prekvapuj\u00face, \u017ee aj on upravil a spracoval slovensk\u00e9 koledy pre mie\u0161an\u00fd spev\u00e1cky zbor. Koleda Ninaj, Ninaj patr\u00ed k jeho\u2026","rel":"","context":"V &quot;ADVENTN\u00dd KALEND\u00c1R 2018&quot;","img":{"alt_text":"","src":"https:\/\/i1.wp.com\/www.satb.sk\/wp-content\/uploads\/2018\/12\/20.png?fit=820%2C312&ssl=1&resize=350%2C200","width":350,"height":200},"classes":[]},{"id":781,"url":"https:\/\/www.satb.sk\/index.php\/2019\/11\/11\/adventny-kalendar-2018\/","url_meta":{"origin":6091,"position":1},"title":"Viano\u010dn\u00fd reperto\u00e1r, ktor\u00fd nesklame. In\u0161pirujte sa!","date":"11 novembra, 2019","format":false,"excerpt":"Ak sa pripravujete na viano\u010dn\u00fa sez\u00f3nu a h\u013ead\u00e1te in\u0161pir\u00e1ciu pre svoj zbor \u010di svojich spev\u00e1kov, tak potom je tento pr\u00edspevok pr\u00e1ve pre v\u00e1s. \u010cak\u00e1 na v\u00e1s dvadsa\u0165\u0161tyri viano\u010dn\u00fdch skladieb.\u00a0 Minul\u00fd rok sme pre v\u00e1s po\u010das adventu pripravili tzv. zborov\u00fd adventn\u00fd kalend\u00e1r - ka\u017ed\u00fd de\u0148 sme zverejnili jednu skladbu s viano\u010dnou\u2026","rel":"","context":"V &quot;ADVENTN\u00dd KALEND\u00c1R 2018&quot;","img":{"alt_text":"","src":"https:\/\/i2.wp.com\/www.satb.sk\/wp-content\/uploads\/2019\/01\/miroslava-mTtuQIrDZMg-unsplash.jpg?fit=1200%2C800&ssl=1&resize=350%2C200","width":350,"height":200},"classes":[]},{"id":595,"url":"https:\/\/www.satb.sk\/index.php\/2018\/12\/19\/19-den-dobra-novina\/","url_meta":{"origin":6091,"position":2},"title":"19. de\u0148: Dobr\u00e1 novina","date":"19 decembra, 2018","format":false,"excerpt":"Dev\u00e4tn\u00e1sty de\u0148 adventn\u00e9ho kalend\u00e1ra prinesie dobr\u00fa novinu. Dobr\u00e1 novina. T\u00fato koledu ur\u010dite nemus\u00edme predstavova\u0165 \u017eiadnemu slovensk\u00e9mu spev\u00e1kovi, \u010di zboristovi. Dobr\u00fa novinu, spolo\u010dne s \u010fal\u0161\u00edmi viano\u010dn\u00fdmi pies\u0148ami, upravili viacer\u00ed slovensk\u00ed skladatelia. Medzi n\u00e1jzn\u00e1mej\u0161ie \u00fapravy patria\u00a0Koledy pre mie\u0161an\u00fd zbor od skladate\u013ea Alexandra Moyzesa.\u00a0Notov\u00fd materi\u00e1l jeho \u00faprav si m\u00f4\u017eete zak\u00fapi\u0165 na tejto webovej\u2026","rel":"","context":"V &quot;ADVENTN\u00dd KALEND\u00c1R 2018&quot;","img":{"alt_text":"","src":"https:\/\/i2.wp.com\/www.satb.sk\/wp-content\/uploads\/2018\/12\/19A.png?fit=820%2C312&ssl=1&resize=350%2C200","width":350,"height":200},"classes":[]},{"id":5573,"url":"https:\/\/www.satb.sk\/index.php\/2020\/12\/05\/5-den-oj-djetesce-moje-drago\/","url_meta":{"origin":6091,"position":3},"title":"5. de\u0148: Oj, Djete\u0161ce Moje Drago","date":"5 decembra, 2020","format":false,"excerpt":"Die\u0165a moje, blaho moje. Hol\u00fabok m\u00f4j milen\u00fd, ty si prav\u00fd Bo\u017e\u00ed syn a nik in\u00fd. Piese\u0148 Oj, Djete\u0161ce Moje Drago je akoby M\u00e1riinou usp\u00e1vankou pre mal\u00e9ho Je\u017ei\u0161a. Nemo\u017eno sa teda divi\u0165, \u017ee v zborovej \u00faprave sa t\u00e1to chorv\u00e1tska \u013eudov\u00e1 koleda vyskytuje i v obsaden\u00ed pre \u017eensk\u00fd spev\u00e1cky zbor. Pr\u00edjemn\u00e1 farba\u2026","rel":"","context":"V &quot;ADVENTN\u00dd KALEND\u00c1R 2020&quot;","img":{"alt_text":"","src":"https:\/\/i1.wp.com\/www.satb.sk\/wp-content\/uploads\/2020\/12\/5.-Oj-Djetes\u030cce-Moje-Drago_AK2020_web.png?fit=1200%2C450&ssl=1&resize=350%2C200","width":350,"height":200},"classes":[]},{"id":4845,"url":"https:\/\/www.satb.sk\/index.php\/2019\/12\/11\/11-den-kedy-jasna-hvizda\/","url_meta":{"origin":6091,"position":4},"title":"11. de\u0148: Kedy jasna hvizda","date":"11 decembra, 2019","format":false,"excerpt":"Jedna z nakraj\u0161\u00edch kolied z v\u00fdchodn\u00e9ho Slovenska.\u00a0 \u00dapravy kolied od Franti\u0161ka Pr\u00e1\u0161ila (1902 - 1981) patria na Slovensku medzi tie najob\u013e\u00fabenej\u0161ie. A podobne je to aj so \u0161ari\u0161skou koledou Kedy jasna hvizda, ktor\u00fa prespievali mnoh\u00ed hudobn\u00edci vr\u00e1tane Zuzany Smatanovej, \u010di zn\u00e1my Kandr\u00e1\u010dovci. Notov\u00fd materi\u00e1l v \u00faprave Franti\u0161ka Pr\u00e1\u0161ila si m\u00f4\u017eete\u2026","rel":"","context":"V &quot;ADVENTN\u00dd KALEND\u00c1R 2019&quot;","img":{"alt_text":"","src":"https:\/\/i0.wp.com\/www.satb.sk\/wp-content\/uploads\/2019\/12\/11.Kedy-jasna-hvizda_AK19.png?fit=820%2C312&ssl=1&resize=350%2C200","width":350,"height":200},"classes":[]},{"id":6069,"url":"https:\/\/www.satb.sk\/index.php\/2021\/12\/15\/15-den-suo-gan\/","url_meta":{"origin":6091,"position":5},"title":"15. de\u0148: Suo G\u00e2n","date":"15 decembra, 2021","format":false,"excerpt":"Pssst, bu\u010fte potichu, pr\u00e1ve sa spieva usp\u00e1vanka. S viano\u010dn\u00fdm obdob\u00edm sa okrem kolied sp\u00e1jaj\u00fa aj in\u00e9 typy piesn\u00ed, napr. usp\u00e1vanky. Tie symbolizuj\u00fa spev Panny M\u00e1rie, ktor\u00e1 svoj\u00edm hlasom usp\u00e1va svojho pr\u00e1ve naroden\u00e9ho syna. Piese\u0148 Suo G\u00e2n je tradi\u010dnou usp\u00e1vankou z Walesu vo Ve\u013ekej Brit\u00e1nii. Prv\u00fdkr\u00e1t bola publikovan\u00e1 okolo roku 1800\u2026","rel":"","context":"V &quot;ADVENTN\u00dd KALEND\u00c1R 2021&quot;","img":{"alt_text":"","src":"https:\/\/i2.wp.com\/www.satb.sk\/wp-content\/uploads\/2021\/12\/15.-Suo-Ga\u0302n_AK21_web.png?fit=1200%2C450&ssl=1&resize=350%2C200","width":350,"height":200},"classes":[]}],"_links":{"self":[{"href":"https:\/\/www.satb.sk\/index.php\/wp-json\/wp\/v2\/posts\/6091"}],"collection":[{"href":"https:\/\/www.satb.sk\/index.php\/wp-json\/wp\/v2\/posts"}],"about":[{"href":"https:\/\/www.satb.sk\/index.php\/wp-json\/wp\/v2\/types\/post"}],"author":[{"embeddable":true,"href":"https:\/\/www.satb.sk\/index.php\/wp-json\/wp\/v2\/users\/1"}],"replies":[{"embeddable":true,"href":"https:\/\/www.satb.sk\/index.php\/wp-json\/wp\/v2\/comments?post=6091"}],"version-history":[{"count":4,"href":"https:\/\/www.satb.sk\/index.php\/wp-json\/wp\/v2\/posts\/6091\/revisions"}],"predecessor-version":[{"id":6096,"href":"https:\/\/www.satb.sk\/index.php\/wp-json\/wp\/v2\/posts\/6091\/revisions\/6096"}],"wp:featuredmedia":[{"embeddable":true,"href":"https:\/\/www.satb.sk\/index.php\/wp-json\/wp\/v2\/media\/6092"}],"wp:attachment":[{"href":"https:\/\/www.satb.sk\/index.php\/wp-json\/wp\/v2\/media?parent=6091"}],"wp:term":[{"taxonomy":"category","embeddable":true,"href":"https:\/\/www.satb.sk\/index.php\/wp-json\/wp\/v2\/categories?post=6091"},{"taxonomy":"post_tag","embeddable":true,"href":"https:\/\/www.satb.sk\/index.php\/wp-json\/wp\/v2\/tags?post=6091"}],"curies":[{"name":"wp","href":"https:\/\/api.w.org\/{rel}","templated":true}]}}