{"id":6098,"date":"2021-12-21T19:47:54","date_gmt":"2021-12-21T19:47:54","guid":{"rendered":"https:\/\/www.satb.sk\/?p=6098"},"modified":"2021-12-21T19:47:54","modified_gmt":"2021-12-21T19:47:54","slug":"21-den-welcome-yule","status":"publish","type":"post","link":"https:\/\/www.satb.sk\/index.php\/2021\/12\/21\/21-den-welcome-yule\/","title":{"rendered":"21. de\u0148: Welcome, Yule!"},"content":{"rendered":"<h5><em><strong>U\u017e o p\u00e1r dn\u00ed ich priv\u00edtame.\u00a0<\/strong><\/em><\/h5>\n<p><!--more--><\/p>\n<p>Vedeli ste, \u017ee Vianoce maj\u00fa v niektor\u00fdch krajn\u00e1ch n\u00e1zov Yule? Slovo Yule znamen\u00e1 Vianoce alebo viano\u010dn\u00e9 obdobie, no p\u00f4vodne toto slovo ozna\u010dovalo sviatok zimn\u00e9ho slnovratu, ktor\u00fd sa sl\u00e1vil v predkres\u0165ansk\u00fdch kult\u00farach. Yule poch\u00e1dza z n\u00e1zvu 12-d\u0148ovej sl\u00e1vnosti, po\u010das ktorej sa slnovrat oslavoval. A\u017e okolo roku 900 sa za\u010dal n\u00e1zov pou\u017e\u00edva\u0165 aj na ozna\u010denie viano\u010dn\u00fdch sviatkov a n\u00e1zov sa postupne za\u010dal vyskytova\u0165 aj v r\u00e1mci viano\u010dn\u00fdch piesn\u00ed &#8211; kolied. Jednou z nich je aj <em><strong>Welcome, Yule!<\/strong><\/em> (<em>Vitajte, Vianoce!<\/em>). Koledu upravili viacer\u00ed skladatelia, my sme do n\u00e1\u0161ho kalend\u00e1ra vybrali \u00fapravu od anglick\u00e9ho skladate\u013ea <strong>Charlesa Huberta Hastingsa Parryho<\/strong> (1848-1918).<\/p>\n<p style=\"text-align: center;\">Notov\u00fd materi\u00e1l <a href=\"https:\/\/www.cpdl.org\/wiki\/images\/f\/f8\/Welcome_Yule_Parry.pdf\" target=\"_blank\" rel=\"noopener\"><strong>pre mie\u0161an\u00fd spev\u00e1cky zbor<\/strong><\/a><\/p>\n<p><span class=\"embed-youtube\" style=\"text-align:center; display: block;\"><iframe loading=\"lazy\" class=\"youtube-player\" width=\"837\" height=\"471\" src=\"https:\/\/www.youtube.com\/embed\/Q-VG83CblYU?version=3&#038;rel=1&#038;showsearch=0&#038;showinfo=1&#038;iv_load_policy=1&#038;fs=1&#038;hl=sk-SK&#038;autohide=2&#038;wmode=transparent\" allowfullscreen=\"true\" style=\"border:0;\" sandbox=\"allow-scripts allow-same-origin allow-popups allow-presentation\"><\/iframe><\/span><\/p>\n<p>Pripravilo: <em>satb.sK<\/em><\/p>\n<p>&nbsp;<\/p>\n","protected":false},"excerpt":{"rendered":"<p>U\u017e o p\u00e1r dn\u00ed ich priv\u00edtame.\u00a0<\/p>\n","protected":false},"author":1,"featured_media":6099,"comment_status":"closed","ping_status":"closed","sticky":false,"template":"","format":"standard","meta":{"om_disable_all_campaigns":false,"_monsterinsights_skip_tracking":false,"_monsterinsights_sitenote_active":false,"_monsterinsights_sitenote_note":"","_monsterinsights_sitenote_category":0,"spay_email":"","footnotes":"","jetpack_publicize_message":"","jetpack_is_tweetstorm":false},"categories":[144,49],"tags":[36,143],"class_list":["post-6098","post","type-post","status-publish","format-standard","has-post-thumbnail","hentry","category-adventny-kalendar-2021","category-aktualne","tag-adventny-kalendar","tag-adventny-kalendar-2021"],"aioseo_notices":[],"jetpack_featured_media_url":"https:\/\/i0.wp.com\/www.satb.sk\/wp-content\/uploads\/2021\/12\/21.-Welcome-Yule_AK21_web.png?fit=2080%2C780&ssl=1","jetpack_publicize_connections":[],"jetpack_sharing_enabled":true,"jetpack_shortlink":"https:\/\/wp.me\/pav5wC-1Am","jetpack-related-posts":[{"id":4741,"url":"https:\/\/www.satb.sk\/index.php\/2019\/12\/01\/adventny-kalendar-2019\/","url_meta":{"origin":6098,"position":0},"title":"Adventn\u00fd kalend\u00e1r 2019","date":"1 decembra, 2019","format":false,"excerpt":"Aj tento rok sme pre v\u00e1s pripravili adventn\u00fd kalend\u00e1r so zauj\u00edmav\u00fdmi skladbami. Nechajte sa in\u0161pirova\u0165 na\u0161im adventn\u00fdm v\u00fdberom. Ka\u017ed\u00fd de\u0148 po\u010das adventu v\u00e1m predstav\u00edme jednu skladbu s viano\u010dnou t\u00e9matikou, ktor\u00e1 obohat\u00ed v\u00e1\u0161 viano\u010dn\u00fd reperto\u00e1r.\u00a0Skladby bud\u00fa ur\u010den\u00e9 pre r\u00f4zne typy spev\u00e1ckych zborov - pre detsk\u00e9 a ml\u00e1de\u017en\u00edcke zbory, \u017eensk\u00e9 i mu\u017esk\u00e9\u2026","rel":"","context":"V &quot;ADVENTN\u00dd KALEND\u00c1R 2019&quot;","img":{"alt_text":"","src":"https:\/\/i0.wp.com\/www.satb.sk\/wp-content\/uploads\/2019\/12\/Add-a-heading.png?fit=1200%2C578&ssl=1&resize=350%2C200","width":350,"height":200},"classes":[]},{"id":5527,"url":"https:\/\/www.satb.sk\/index.php\/2020\/12\/01\/pripravte-sa-s-piesnami-na-vianoce\/","url_meta":{"origin":6098,"position":1},"title":"Pripravte sa s pies\u0148ami na Vianoce","date":"1 decembra, 2020","format":false,"excerpt":"Adventn\u00fd kalend\u00e1r 2020 bude pln\u00fd kvalitn\u00fdch piesn\u00ed pre v\u00e1\u0161 zbor.\u00a0 Aj tento rok v\u00e1m prinesieme dvadsa\u0165\u0161tyri in\u0161piruj\u00facich skladieb, ktor\u00e9 m\u00f4\u017eete spieva\u0165 so svoj\u00edm zborom po\u010das adventn\u00e9ho i viano\u010dn\u00e9ho obdobia. Skladby, ktor\u00e9 vyber\u00e1me s\u00fa ur\u010den\u00e9 pre r\u00f4zne typy spev\u00e1ckych zborov \u2013 pre detsk\u00e9 a ml\u00e1de\u017en\u00edcke zbory, \u017eensk\u00e9 i mu\u017esk\u00e9 zbory, ale\u2026","rel":"","context":"V &quot;ADVENTN\u00dd KALEND\u00c1R 2020&quot;","img":{"alt_text":"","src":"https:\/\/i1.wp.com\/www.satb.sk\/wp-content\/uploads\/2020\/12\/Adventny\u0301-kalenda\u0301r-2020-vizua\u0301l.png?fit=1200%2C800&ssl=1&resize=350%2C200","width":350,"height":200},"classes":[]},{"id":419,"url":"https:\/\/www.satb.sk\/index.php\/2018\/11\/30\/pripravte-sa-s-nami-na-vianoce\/","url_meta":{"origin":6098,"position":2},"title":"Pripravte sa s nami na Vianoce!","date":"30 novembra, 2018","format":false,"excerpt":"Vianoce sa u\u017e nepam\u00e4ti sp\u00e1jaj\u00fa s obdob\u00edm adventu. Ale ak\u00fd by to bol advent bez adventn\u00e9ho kalend\u00e1ra? Preto sme pre v\u00e1s pripravili ADVENTN\u00dd KALEND\u00c1R PRE SPEV\u00c1CKE ZBORY. A\u017e do Vianoc v\u00e1m ka\u017ed\u00fd de\u0148 predstav\u00edme na na\u0161ej str\u00e1nke jedno dielo\u00a0pre spev\u00e1cke zbory s viano\u010dnou t\u00e9matikou. N\u00e1\u0161 adventn\u00fd kalend\u00e1r bude obsahova\u0165 diela\u2026","rel":"","context":"V &quot;ADVENTN\u00dd KALEND\u00c1R 2018&quot;","img":{"alt_text":"","src":"https:\/\/i1.wp.com\/www.satb.sk\/wp-content\/uploads\/2018\/11\/ADVENT-SO-ZBOROM-1.png?fit=820%2C312&ssl=1&resize=350%2C200","width":350,"height":200},"classes":[]},{"id":6069,"url":"https:\/\/www.satb.sk\/index.php\/2021\/12\/15\/15-den-suo-gan\/","url_meta":{"origin":6098,"position":3},"title":"15. de\u0148: Suo G\u00e2n","date":"15 decembra, 2021","format":false,"excerpt":"Pssst, bu\u010fte potichu, pr\u00e1ve sa spieva usp\u00e1vanka. S viano\u010dn\u00fdm obdob\u00edm sa okrem kolied sp\u00e1jaj\u00fa aj in\u00e9 typy piesn\u00ed, napr. usp\u00e1vanky. Tie symbolizuj\u00fa spev Panny M\u00e1rie, ktor\u00e1 svoj\u00edm hlasom usp\u00e1va svojho pr\u00e1ve naroden\u00e9ho syna. Piese\u0148 Suo G\u00e2n je tradi\u010dnou usp\u00e1vankou z Walesu vo Ve\u013ekej Brit\u00e1nii. Prv\u00fdkr\u00e1t bola publikovan\u00e1 okolo roku 1800\u2026","rel":"","context":"V &quot;ADVENTN\u00dd KALEND\u00c1R 2021&quot;","img":{"alt_text":"","src":"https:\/\/i2.wp.com\/www.satb.sk\/wp-content\/uploads\/2021\/12\/15.-Suo-Ga\u0302n_AK21_web.png?fit=1200%2C450&ssl=1&resize=350%2C200","width":350,"height":200},"classes":[]},{"id":6026,"url":"https:\/\/www.satb.sk\/index.php\/2021\/12\/08\/8-den-noel-des-enfants\/","url_meta":{"origin":6098,"position":4},"title":"8. de\u0148: No\u00ebl des enfants","date":"8 decembra, 2021","format":false,"excerpt":"Posledn\u00e9 dielo franc\u00fazskeho velik\u00e1na.\u00a0 P\u00ed\u0161e sa rok 1915. Svet sa zmieta uprostred prvej svetovej vojny, najkrvavej\u0161ej vojny ak\u00fa svet dovtedy poznal. Vojna zasiahla ka\u017ed\u00e9ho, hudobn\u00edkov nevyn\u00edmaj\u00fac a \u0165a\u017eko ju zn\u00e1\u0161al aj franc\u00fazsky skladate\u013e Claude Debussy (1862 \u2013 1918). V tom \u010dase sa 55-ro\u010dn\u00fd velik\u00e1n musel vyrovna\u0165 nielen s vojnou, ale\u2026","rel":"","context":"V &quot;ADVENTN\u00dd KALEND\u00c1R 2021&quot;","img":{"alt_text":"","src":"https:\/\/i0.wp.com\/www.satb.sk\/wp-content\/uploads\/2021\/12\/9.-Noel-des-enfants_AK2021_web.png?fit=1200%2C450&ssl=1&resize=350%2C200","width":350,"height":200},"classes":[]},{"id":5975,"url":"https:\/\/www.satb.sk\/index.php\/2021\/12\/03\/3-den-din-cer-senin\/","url_meta":{"origin":6098,"position":5},"title":"3. de\u0148: Din Cer Senin","date":"3 decembra, 2021","format":false,"excerpt":"Ke\u010f sa anjeli rozhodn\u00fa spieva\u0165 po rumunsky.\u00a0 Viano\u010dn\u00e9 sviatky maj\u00fa v ka\u017edej kult\u00fare a v ka\u017edej krajine svoju vlastn\u00fa a nezameti\u013en\u00fa podobu. Ka\u017ed\u00fd n\u00e1rod m\u00e1 na Vianoce svoje tradi\u010dn\u00e9 jedlo, na ktor\u00e9 ned\u00e1 dopusti\u0165. Podobne je to aj s viano\u010dn\u00fdmi pies\u0148ami - koledami. Ka\u017ed\u00e1 krajina m\u00e1 tie svoje, ktor\u00e9 ku\u2026","rel":"","context":"V &quot;ADVENTN\u00dd KALEND\u00c1R 2021&quot;","img":{"alt_text":"","src":"https:\/\/i1.wp.com\/www.satb.sk\/wp-content\/uploads\/2021\/12\/3.-Din-Cer-Senin_AK2021_web.png?fit=1200%2C450&ssl=1&resize=350%2C200","width":350,"height":200},"classes":[]}],"_links":{"self":[{"href":"https:\/\/www.satb.sk\/index.php\/wp-json\/wp\/v2\/posts\/6098"}],"collection":[{"href":"https:\/\/www.satb.sk\/index.php\/wp-json\/wp\/v2\/posts"}],"about":[{"href":"https:\/\/www.satb.sk\/index.php\/wp-json\/wp\/v2\/types\/post"}],"author":[{"embeddable":true,"href":"https:\/\/www.satb.sk\/index.php\/wp-json\/wp\/v2\/users\/1"}],"replies":[{"embeddable":true,"href":"https:\/\/www.satb.sk\/index.php\/wp-json\/wp\/v2\/comments?post=6098"}],"version-history":[{"count":1,"href":"https:\/\/www.satb.sk\/index.php\/wp-json\/wp\/v2\/posts\/6098\/revisions"}],"predecessor-version":[{"id":6100,"href":"https:\/\/www.satb.sk\/index.php\/wp-json\/wp\/v2\/posts\/6098\/revisions\/6100"}],"wp:featuredmedia":[{"embeddable":true,"href":"https:\/\/www.satb.sk\/index.php\/wp-json\/wp\/v2\/media\/6099"}],"wp:attachment":[{"href":"https:\/\/www.satb.sk\/index.php\/wp-json\/wp\/v2\/media?parent=6098"}],"wp:term":[{"taxonomy":"category","embeddable":true,"href":"https:\/\/www.satb.sk\/index.php\/wp-json\/wp\/v2\/categories?post=6098"},{"taxonomy":"post_tag","embeddable":true,"href":"https:\/\/www.satb.sk\/index.php\/wp-json\/wp\/v2\/tags?post=6098"}],"curies":[{"name":"wp","href":"https:\/\/api.w.org\/{rel}","templated":true}]}}