{"id":611,"date":"2018-12-22T17:31:06","date_gmt":"2018-12-22T17:31:06","guid":{"rendered":"https:\/\/www.satb.sk\/?p=611"},"modified":"2018-12-22T17:32:07","modified_gmt":"2018-12-22T17:32:07","slug":"22-den-ceska-mse-vanocni","status":"publish","type":"post","link":"https:\/\/www.satb.sk\/index.php\/2018\/12\/22\/22-den-ceska-mse-vanocni\/","title":{"rendered":"22. de\u0148: \u010cesk\u00e1 m\u0161e v\u00e1no\u010dn\u00ed"},"content":{"rendered":"<p>Dva dni pred Vianocami n\u00e1s adventn\u00fd kalend\u00e1r vezme znovu ku na\u0161im \u010desk\u00fdm susedom.<\/p>\n<p><!--more--><\/p>\n<p><strong>\u010cesk\u00e1 m\u0161e v\u00e1no\u010dn\u00ed.<\/strong><\/p>\n<p>\u010cesk\u00e1 m\u0161e v\u00e1no\u010dn\u00ed patr\u00ed spolu so Zrunekovou <a href=\"https:\/\/www.satb.sk\/index.php\/2018\/12\/21\/21-den-harmonia-pastoralis\/#more-604\" target=\"_blank\" rel=\"noopener\">Harmoniou Pastoralis<\/a> k osved\u010den\u00fdm viano\u010dn\u00fdm klasik\u00e1m na Slovensku i v \u010cesku. Om\u0161u skomponoval v roku 1796 Jakub Jan Ryba (1765\u00a0\u2013 1815), ktor\u00fd patril v 18. storo\u010d\u00ed k najv\u00fdznamnej\u0161\u00edm \u010desk\u00fdm u\u010dite\u013eom. Toto dielo v skuto\u010dnosti nie om\u0161a v pravom zmysle slova, ale je sk\u00f4r pastor\u00e1lnou hrou, resp. viano\u010dnou kant\u00e1tou. Ryba vlo\u017eil pr\u00edbeh diela do \u010desk\u00e9ho prostredia a cel\u00fd text nap\u00edsal v \u010deskom jazyku, v snahe oslovi\u0165 \u010do naj\u0161ir\u0161ie spolo\u010densk\u00e9 vrsty.\u00a0Notov\u00fd materi\u00e1l Rybovej om\u0161e m\u00f4\u017eete n\u00e1js\u0165 <a href=\"https:\/\/kvps.cz\/sites\/default\/files\/kestazeni\/ryba_vanocni_mse_komplet_1_2.pdf\" target=\"_blank\" rel=\"noopener\">tejto webovej str\u00e1nke<\/a>.<\/p>\n<p><span class=\"embed-youtube\" style=\"text-align:center; display: block;\"><iframe loading=\"lazy\" class=\"youtube-player\" width=\"837\" height=\"471\" src=\"https:\/\/www.youtube.com\/embed\/943LRjl1cuo?version=3&#038;rel=1&#038;showsearch=0&#038;showinfo=1&#038;iv_load_policy=1&#038;fs=1&#038;hl=sk-SK&#038;autohide=2&#038;wmode=transparent\" allowfullscreen=\"true\" style=\"border:0;\" sandbox=\"allow-scripts allow-same-origin allow-popups allow-presentation\"><\/iframe><\/span><\/p>\n","protected":false},"excerpt":{"rendered":"<p>Dva dni pred Vianocami n\u00e1s adventn\u00fd kalend\u00e1r vezme znovu ku na\u0161im \u010desk\u00fdm susedom.<\/p>\n","protected":false},"author":1,"featured_media":612,"comment_status":"open","ping_status":"open","sticky":false,"template":"","format":"standard","meta":{"om_disable_all_campaigns":false,"_monsterinsights_skip_tracking":false,"_monsterinsights_sitenote_active":false,"_monsterinsights_sitenote_note":"","_monsterinsights_sitenote_category":0,"spay_email":"","footnotes":"","jetpack_publicize_message":"","jetpack_is_tweetstorm":false},"categories":[33],"tags":[36],"class_list":["post-611","post","type-post","status-publish","format-standard","has-post-thumbnail","hentry","category-adventny-kalendar-2018","tag-adventny-kalendar"],"aioseo_notices":[],"jetpack_featured_media_url":"https:\/\/i1.wp.com\/www.satb.sk\/wp-content\/uploads\/2018\/12\/22.png?fit=820%2C312&ssl=1","jetpack_publicize_connections":[],"jetpack_sharing_enabled":true,"jetpack_shortlink":"https:\/\/wp.me\/pav5wC-9R","jetpack-related-posts":[{"id":4778,"url":"https:\/\/www.satb.sk\/index.php\/2019\/12\/05\/5-den-vanocni-roztomilost\/","url_meta":{"origin":611,"position":0},"title":"5. de\u0148: V\u00e1no\u010dn\u00ed roztomilost","date":"5 decembra, 2019","format":false,"excerpt":"Roztomil\u00e9 barokov\u00e9 Vianoce, ktor\u00e9 skomponoval rytier. Piese\u0148 V\u00e1no\u010dn\u00ed roztomilost skomponoval\u00a0Adam V\u00e1clav Michna z Otradovic\u00a0(1600 - 1676), jeden z najv\u00fdznamnej\u0161\u00edch \u010desk\u00fdch skladate\u013eov a b\u00e1snikov 17. storo\u010dia. Adam Michna poch\u00e1dzal zo starej, i ke\u010f nie pr\u00edli\u0161 v\u00fdznamnej, aristokratickej rodiny a mal \u0161\u013eachtick\u00fd titul rytier. Podobne ako jeho otec, aj Adam Michna bol\u2026","rel":"","context":"V &quot;ADVENTN\u00dd KALEND\u00c1R 2019&quot;","img":{"alt_text":"","src":"https:\/\/i1.wp.com\/www.satb.sk\/wp-content\/uploads\/2019\/12\/5.Va\u0301noc\u030cni\u0301-roztomilost_AK19_baner.png?fit=820%2C312&ssl=1&resize=350%2C200","width":350,"height":200},"classes":[]},{"id":591,"url":"https:\/\/www.satb.sk\/index.php\/2018\/12\/18\/18-den-chtic-aby-spal\/","url_meta":{"origin":611,"position":1},"title":"18. de\u0148: Cht\u00edc, aby spal","date":"18 decembra, 2018","format":false,"excerpt":"Osemn\u00e1sty de\u0148 adventn\u00e9ho kalend\u00e1ra bude pokra\u010dova\u0165 s \u010desk\u00fdmi koledami. Cht\u00edc, aby spal. Autorom tejto \u010deskej koledy je Adam V\u00e1clav Michna z Otradovic, ktor\u00fd ju uverejnil v roku 1647 v kancion\u00e1ly \u010cesk\u00e1 mari\u00e1nska muzika. T\u00e1to piese\u0148 postupom \u010dasu z\u013eudovela a ako jedna z m\u00e1la \u010desk\u00fdch barokov\u00fdch piesn\u00ed bola prelo\u017een\u00e1 aj do\u2026","rel":"","context":"V &quot;ADVENTN\u00dd KALEND\u00c1R 2018&quot;","img":{"alt_text":"","src":"https:\/\/i0.wp.com\/www.satb.sk\/wp-content\/uploads\/2018\/12\/18.png?fit=820%2C312&ssl=1&resize=350%2C200","width":350,"height":200},"classes":[]},{"id":5605,"url":"https:\/\/www.satb.sk\/index.php\/2020\/12\/09\/9-den-the-prayer\/","url_meta":{"origin":611,"position":2},"title":"9. de\u0148: The Prayer","date":"9 decembra, 2020","format":false,"excerpt":"Modlitba, ktor\u00e1 takmer z\u00edskala Oskara.\u00a0 Piese\u0148 The Prayer (Modlitba) bola nap\u00edsan\u00e1 pre animovan\u00fd film The Quest for Camelot (\u010carovn\u00fd me\u010d). Skladba m\u00e1 a\u017e\u00a0\u0161tyroch autorov \u2013 Davida Fostera, Carole Bayer Sager, Alberta Testa and Tonyho Renisa. P\u00f4vodne bola nahran\u00e1 v roku 1998 s\u00f3lovo v dvoch jazykoch - v talian\u010dine a angli\u010dtine.\u2026","rel":"","context":"V &quot;ADVENTN\u00dd KALEND\u00c1R 2020&quot;","img":{"alt_text":"","src":"https:\/\/i1.wp.com\/www.satb.sk\/wp-content\/uploads\/2020\/12\/9.-The-Prayer_AK2020_web.png?fit=1200%2C450&ssl=1&resize=350%2C200","width":350,"height":200},"classes":[]},{"id":4741,"url":"https:\/\/www.satb.sk\/index.php\/2019\/12\/01\/adventny-kalendar-2019\/","url_meta":{"origin":611,"position":3},"title":"Adventn\u00fd kalend\u00e1r 2019","date":"1 decembra, 2019","format":false,"excerpt":"Aj tento rok sme pre v\u00e1s pripravili adventn\u00fd kalend\u00e1r so zauj\u00edmav\u00fdmi skladbami. Nechajte sa in\u0161pirova\u0165 na\u0161im adventn\u00fdm v\u00fdberom. Ka\u017ed\u00fd de\u0148 po\u010das adventu v\u00e1m predstav\u00edme jednu skladbu s viano\u010dnou t\u00e9matikou, ktor\u00e1 obohat\u00ed v\u00e1\u0161 viano\u010dn\u00fd reperto\u00e1r.\u00a0Skladby bud\u00fa ur\u010den\u00e9 pre r\u00f4zne typy spev\u00e1ckych zborov - pre detsk\u00e9 a ml\u00e1de\u017en\u00edcke zbory, \u017eensk\u00e9 i mu\u017esk\u00e9\u2026","rel":"","context":"V &quot;ADVENTN\u00dd KALEND\u00c1R 2019&quot;","img":{"alt_text":"","src":"https:\/\/i0.wp.com\/www.satb.sk\/wp-content\/uploads\/2019\/12\/Add-a-heading.png?fit=1200%2C578&ssl=1&resize=350%2C200","width":350,"height":200},"classes":[]},{"id":6104,"url":"https:\/\/www.satb.sk\/index.php\/2021\/12\/23\/24-den-laudate-dominum\/","url_meta":{"origin":611,"position":4},"title":"23. de\u0148: Laudate Dominum","date":"23 decembra, 2021","format":false,"excerpt":"Skladba od klasika klasicizmu.\u00a0 V predve\u010der \u0160tedr\u00e9ho d\u0148a sme do adventn\u00e9ho kalend\u00e1ra zaradili zn\u00e1mu skladbu od jedn\u00e9ho z najv\u00e4\u010d\u0161\u00edch skladate\u013eov v hist\u00f3rii klasickej hudby - Wolfganga Amadea Mozarta (1756 \u2013 1791). Mozart po\u010das svojho kr\u00e1tkeho \u017eivota skomponoval viac ako 600 diel r\u00f4znych \u017e\u00e1nrov od opery a\u017e po jednoduch\u00e9 son\u00e1ty. V\u2026","rel":"","context":"V &quot;ADVENTN\u00dd KALEND\u00c1R 2021&quot;","img":{"alt_text":"","src":"https:\/\/i0.wp.com\/www.satb.sk\/wp-content\/uploads\/2021\/12\/23.-Laudate-Dominum_AK21_web.png?fit=1200%2C450&ssl=1&resize=350%2C200","width":350,"height":200},"classes":[]},{"id":6101,"url":"https:\/\/www.satb.sk\/index.php\/2021\/12\/22\/22-den-lux-aurumque\/","url_meta":{"origin":611,"position":5},"title":"22. de\u0148: Lux Aurumque","date":"22 decembra, 2021","format":false,"excerpt":"Ke\u010f sa spoj\u00ed svetlo a zlato v jednej piesni.\u00a0 Ke\u010f si americk\u00fd skladate\u013e Eric Whitacre (*1970) pre\u010d\u00edtal kr\u00e1tku anglick\u00fa b\u00e1se\u0148 Light and Gold (Svetlo a Zlato), ostal o\u010daren\u00fd jej jednoduchos\u0165ou a eleganciou. Whitacre preto oslovil americk\u00e9ho b\u00e1snika Charlesa Anthonyho Silvestriho, aby toto kratu\u010dk\u00e9 dielo prelo\u017eil do latin\u010diny. Silvestri tak urobil\u2026","rel":"","context":"V &quot;ADVENTN\u00dd KALEND\u00c1R 2021&quot;","img":{"alt_text":"","src":"https:\/\/i0.wp.com\/www.satb.sk\/wp-content\/uploads\/2021\/12\/22.-Lux-Aurumque_AK21_web.png?fit=1200%2C450&ssl=1&resize=350%2C200","width":350,"height":200},"classes":[]}],"_links":{"self":[{"href":"https:\/\/www.satb.sk\/index.php\/wp-json\/wp\/v2\/posts\/611"}],"collection":[{"href":"https:\/\/www.satb.sk\/index.php\/wp-json\/wp\/v2\/posts"}],"about":[{"href":"https:\/\/www.satb.sk\/index.php\/wp-json\/wp\/v2\/types\/post"}],"author":[{"embeddable":true,"href":"https:\/\/www.satb.sk\/index.php\/wp-json\/wp\/v2\/users\/1"}],"replies":[{"embeddable":true,"href":"https:\/\/www.satb.sk\/index.php\/wp-json\/wp\/v2\/comments?post=611"}],"version-history":[{"count":2,"href":"https:\/\/www.satb.sk\/index.php\/wp-json\/wp\/v2\/posts\/611\/revisions"}],"predecessor-version":[{"id":614,"href":"https:\/\/www.satb.sk\/index.php\/wp-json\/wp\/v2\/posts\/611\/revisions\/614"}],"wp:featuredmedia":[{"embeddable":true,"href":"https:\/\/www.satb.sk\/index.php\/wp-json\/wp\/v2\/media\/612"}],"wp:attachment":[{"href":"https:\/\/www.satb.sk\/index.php\/wp-json\/wp\/v2\/media?parent=611"}],"wp:term":[{"taxonomy":"category","embeddable":true,"href":"https:\/\/www.satb.sk\/index.php\/wp-json\/wp\/v2\/categories?post=611"},{"taxonomy":"post_tag","embeddable":true,"href":"https:\/\/www.satb.sk\/index.php\/wp-json\/wp\/v2\/tags?post=611"}],"curies":[{"name":"wp","href":"https:\/\/api.w.org\/{rel}","templated":true}]}}