{"id":6115,"date":"2022-01-26T22:50:48","date_gmt":"2022-01-26T22:50:48","guid":{"rendered":"https:\/\/www.satb.sk\/?p=6115"},"modified":"2022-01-27T12:48:58","modified_gmt":"2022-01-27T12:48:58","slug":"pozname-terminy-mladez-spieva","status":"publish","type":"post","link":"https:\/\/www.satb.sk\/index.php\/2022\/01\/26\/pozname-terminy-mladez-spieva\/","title":{"rendered":"Spojen\u00e9 ro\u010dn\u00edky a bez povinnej skladby. Pozn\u00e1me term\u00edny Ml\u00e1de\u017e spieva"},"content":{"rendered":"<h5><em><strong>Najstar\u0161ie zborov\u00e9 podujatie na Slovensku sa bude kona\u0165 aj napriek pand\u00e9mii.\u00a0<\/strong><\/em><\/h5>\n<p><!--more--><\/p>\n<p>Po pandemickej odmlke sa pomaly vracaj\u00fa do kult\u00farneho \u017eivota aj podujatia pre spev\u00e1cke zbory. Tento rok sa uskuto\u010dn\u00ed 51. ro\u010dn\u00edk<strong> Celo\u0161t\u00e1tnej postupovej s\u00fa\u0165a\u017ee a prehliadky detsk\u00fdch a ml\u00e1de\u017en\u00edckych spev\u00e1ckych zborov Ml\u00e1de\u017e spieva 2022.<\/strong> Ml\u00e1de\u017e spieva patr\u00ed k vrcholn\u00fdm podujatiam svojho druhu na Slovensku, ktor\u00e9 sa kon\u00e1 u\u017e od roku 1970. Cie\u013eom s\u00fa\u0165a\u017ee je vytv\u00e1ra\u0165 pre spev\u00e1cke zbory priestor, kde sa u\u010dia vn\u00edma\u0165 kr\u00e1su hudby a kde si m\u00f4\u017eu uchov\u00e1va\u0165 svoju spevnos\u0165. S\u00fa\u0165a\u017e z\u00e1rove\u0148 vytv\u00e1ra priestor aj pre pedag\u00f3gov hudobnej v\u00fdchovy a zbormajstrov zborov\u00fdch telies na nap\u013a\u0148anie vlastn\u00fdch pedagogicko-v\u00fdchovn\u00fdch cie\u013eov.<\/p>\n<p><a href=\"https:\/\/www.nocka.sk\/sutaze-a-prehliadky\/mladez-spieva\/\" target=\"_blank\" rel=\"noopener\"><img loading=\"lazy\" decoding=\"async\" data-attachment-id=\"5858\" data-permalink=\"https:\/\/www.satb.sk\/index.php\/2021\/11\/12\/zaujimave-ocenenia-a-online-kategoria-zaspievajte-si-na-festivale-akademicka-banska-bystrica\/propozicie-festivalu\/\" data-orig-file=\"https:\/\/i2.wp.com\/www.satb.sk\/wp-content\/uploads\/2021\/11\/propozicie-festivalu.png?fit=728%2C90&amp;ssl=1\" data-orig-size=\"728,90\" data-comments-opened=\"0\" data-image-meta=\"{&quot;aperture&quot;:&quot;0&quot;,&quot;credit&quot;:&quot;&quot;,&quot;camera&quot;:&quot;&quot;,&quot;caption&quot;:&quot;&quot;,&quot;created_timestamp&quot;:&quot;0&quot;,&quot;copyright&quot;:&quot;&quot;,&quot;focal_length&quot;:&quot;0&quot;,&quot;iso&quot;:&quot;0&quot;,&quot;shutter_speed&quot;:&quot;0&quot;,&quot;title&quot;:&quot;&quot;,&quot;orientation&quot;:&quot;0&quot;}\" data-image-title=\"propoz\u00edcie festivalu\" data-image-description=\"\" data-image-caption=\"\" data-medium-file=\"https:\/\/i2.wp.com\/www.satb.sk\/wp-content\/uploads\/2021\/11\/propozicie-festivalu.png?fit=300%2C37&amp;ssl=1\" data-large-file=\"https:\/\/i2.wp.com\/www.satb.sk\/wp-content\/uploads\/2021\/11\/propozicie-festivalu.png?fit=728%2C90&amp;ssl=1\" class=\"aligncenter wp-image-5858 size-medium\" src=\"https:\/\/i2.wp.com\/www.satb.sk\/wp-content\/uploads\/2021\/11\/propozicie-festivalu.png?resize=300%2C37&#038;ssl=1\" alt=\"\" width=\"300\" height=\"37\" srcset=\"https:\/\/i2.wp.com\/www.satb.sk\/wp-content\/uploads\/2021\/11\/propozicie-festivalu.png?resize=300%2C37&amp;ssl=1 300w, https:\/\/i2.wp.com\/www.satb.sk\/wp-content\/uploads\/2021\/11\/propozicie-festivalu.png?resize=600%2C74&amp;ssl=1 600w, https:\/\/i2.wp.com\/www.satb.sk\/wp-content\/uploads\/2021\/11\/propozicie-festivalu.png?w=728&amp;ssl=1 728w\" sizes=\"(max-width: 300px) 100vw, 300px\" data-recalc-dims=\"1\" \/><\/a><\/p>\n<p>Ml\u00e1de\u017e spieva sa kon\u00e1 ka\u017ed\u00e9 dva roky a naposledy sa uskuto\u010dnila v roku 2020, kedy bolo celo\u0161t\u00e1tne kolo z d\u00f4vodu pand\u00e9mie napokon zru\u0161en\u00e9. Pravideln\u00ed \u00fa\u010dastn\u00edci podujatia boli zvyknut\u00ed, \u017ee jednotliv\u00e9 ro\u010dn\u00edky Ml\u00e1de\u017ee spieva boli rozdelen\u00e9 zvl\u00e1\u0161\u0165 pre detsk\u00e9 a zvl\u00e1\u0161\u0165 pre ml\u00e1de\u017en\u00edcke spev\u00e1cke zbory. V roku 2020 sa v\u0161ak ro\u010dn\u00edky spojili do jedn\u00e9ho podujatia. <em>&#8220;Ml\u00e1de\u017e spieva u\u017e nebude rozdelen\u00e1 na ro\u010dn\u00edk detsk\u00fdch a na ro\u010dn\u00edk ml\u00e1de\u017en\u00edckych spev\u00e1ckych zborov, ako bolo rokmi zau\u017e\u00edvan\u00e9.&#8221;<\/em> hovor\u00ed Michal Stahl, odborn\u00fd pracovn\u00edk pre hudbu a spev v N\u00e1rodnom osvetovom centre. <em>&#8220;Toto rozhodnutie je reflexiou s\u00fa\u010dasn\u00e9ho stavu detsk\u00fdch a ml\u00e1de\u017en\u00edckych zborov na Slovensku. V bud\u00facnosti v\u0161ak nevylu\u010dujeme op\u00e4tovn\u00e9 rozdelenie, v\u0161etko uk\u00e1\u017ee \u010das.&#8221;<\/em> dod\u00e1va na margo spojenia.<\/p>\n<h6><em><strong>Bez povinn\u00fdch skladieb<\/strong><\/em><\/h6>\n<p>S\u00fa\u0165a\u017en\u00e1 \u010das\u0165 Ml\u00e1de\u017ee spieva je trojstup\u0148ov\u00e1 \u2013 m\u00e1 region\u00e1lne, krajsk\u00e9 a celo\u0161t\u00e1tne kolo. Prihl\u00e1sen\u00e9 zbory m\u00f4\u017eu s\u00fa\u0165a\u017ei\u0165 v dvoch kateg\u00f3ri\u00e1ch &#8211; Kateg\u00f3ria detsk\u00e9 spev\u00e1cke zbory a Kateg\u00f3ria ml\u00e1de\u017en\u00edcke spev\u00e1cke zbory. Na s\u00fa\u0165a\u017ei sa m\u00f4\u017eu z\u00fa\u010dastni\u0165 <strong>v\u0161etky detsk\u00e9 a ml\u00e1de\u017en\u00edcke spev\u00e1cke zbory<\/strong> p\u00f4sobiace na \u00fazem\u00ed Slovenska. V \u010dase prihlasovania do s\u00fa\u0165a\u017ee m\u00f4\u017eu \u010dlenovia s\u00fa\u0165a\u017eiacich spev\u00e1ckych zborov dosiahnu\u0165 v detsk\u00fdch spev\u00e1ckych zboroch vek maxim\u00e1lne 15 rokov a v ml\u00e1de\u017en\u00edckych spev\u00e1ckych zboroch vek maxim\u00e1lne 20 rokov. Minut\u00e1\u017e s\u00fa\u0165a\u017en\u00e9ho vyst\u00fapenia je stanoven\u00e1 na 10 \u2013 14 min\u00fat \u010distej hudby. Pre tento ro\u010dn\u00edk s\u00fa\u0165a\u017ee <strong>nie s\u00fa ur\u010den\u00e9 \u017eiadne povinn\u00e9 skladby,<\/strong> s\u00fa\u0165a\u017en\u00e9 zbory by sa v\u0161ak mali riadi\u0165 dramaturgick\u00fdmi odpor\u00fa\u010daniami, ktor\u00e9 s\u00fa v propoz\u00edci\u00e1ch s\u00fa\u0165a\u017ee.<\/p>\n<p><img loading=\"lazy\" decoding=\"async\" data-attachment-id=\"6155\" data-permalink=\"https:\/\/www.satb.sk\/index.php\/2022\/01\/26\/pozname-terminy-mladez-spieva\/comparison-table-list-infographic-gantt-chart-graph-1\/\" data-orig-file=\"https:\/\/i0.wp.com\/www.satb.sk\/wp-content\/uploads\/2022\/01\/Comparison-Table-List-Infographic-Gantt-Chart-Graph-1-e1643286633239.png?fit=2048%2C1111&amp;ssl=1\" data-orig-size=\"2048,1111\" data-comments-opened=\"0\" data-image-meta=\"{&quot;aperture&quot;:&quot;0&quot;,&quot;credit&quot;:&quot;&quot;,&quot;camera&quot;:&quot;&quot;,&quot;caption&quot;:&quot;&quot;,&quot;created_timestamp&quot;:&quot;0&quot;,&quot;copyright&quot;:&quot;&quot;,&quot;focal_length&quot;:&quot;0&quot;,&quot;iso&quot;:&quot;0&quot;,&quot;shutter_speed&quot;:&quot;0&quot;,&quot;title&quot;:&quot;&quot;,&quot;orientation&quot;:&quot;0&quot;}\" data-image-title=\"Comparison Table List Infographic Gantt Chart Graph (1)\" data-image-description=\"\" data-image-caption=\"\" data-medium-file=\"https:\/\/i0.wp.com\/www.satb.sk\/wp-content\/uploads\/2022\/01\/Comparison-Table-List-Infographic-Gantt-Chart-Graph-1-e1643286633239.png?fit=300%2C163&amp;ssl=1\" data-large-file=\"https:\/\/i0.wp.com\/www.satb.sk\/wp-content\/uploads\/2022\/01\/Comparison-Table-List-Infographic-Gantt-Chart-Graph-1-e1643286633239.png?fit=837%2C454&amp;ssl=1\" class=\"wp-image-6155 aligncenter\" src=\"https:\/\/i0.wp.com\/www.satb.sk\/wp-content\/uploads\/2022\/01\/Comparison-Table-List-Infographic-Gantt-Chart-Graph-1-e1643286633239-300x163.png?resize=837%2C455&#038;ssl=1\" alt=\"\" width=\"837\" height=\"455\" srcset=\"https:\/\/i0.wp.com\/www.satb.sk\/wp-content\/uploads\/2022\/01\/Comparison-Table-List-Infographic-Gantt-Chart-Graph-1-e1643286633239.png?resize=300%2C163&amp;ssl=1 300w, https:\/\/i0.wp.com\/www.satb.sk\/wp-content\/uploads\/2022\/01\/Comparison-Table-List-Infographic-Gantt-Chart-Graph-1-e1643286633239.png?resize=1024%2C556&amp;ssl=1 1024w, https:\/\/i0.wp.com\/www.satb.sk\/wp-content\/uploads\/2022\/01\/Comparison-Table-List-Infographic-Gantt-Chart-Graph-1-e1643286633239.png?resize=768%2C417&amp;ssl=1 768w, https:\/\/i0.wp.com\/www.satb.sk\/wp-content\/uploads\/2022\/01\/Comparison-Table-List-Infographic-Gantt-Chart-Graph-1-e1643286633239.png?resize=1536%2C833&amp;ssl=1 1536w, https:\/\/i0.wp.com\/www.satb.sk\/wp-content\/uploads\/2022\/01\/Comparison-Table-List-Infographic-Gantt-Chart-Graph-1-e1643286633239.png?resize=600%2C325&amp;ssl=1 600w, https:\/\/i0.wp.com\/www.satb.sk\/wp-content\/uploads\/2022\/01\/Comparison-Table-List-Infographic-Gantt-Chart-Graph-1-e1643286633239.png?w=2048&amp;ssl=1 2048w, https:\/\/i0.wp.com\/www.satb.sk\/wp-content\/uploads\/2022\/01\/Comparison-Table-List-Infographic-Gantt-Chart-Graph-1-e1643286633239.png?w=1674&amp;ssl=1 1674w\" sizes=\"(max-width: 837px) 100vw, 837px\" data-recalc-dims=\"1\" \/><\/p>\n<p>Do z\u00e1kladn\u00e9ho kola s\u00fa\u0165a\u017ee sa kolekt\u00edvy <strong>prihlasuj\u00fa pod\u013ea miesta svojho s\u00eddla alebo p\u00f4sobenia.<\/strong> Ak sa v mieste p\u00f4sobenia neuskuto\u010dn\u00ed z\u00e1kladn\u00e9 kolo, je mo\u017en\u00e9 sa prihl\u00e1si\u0165 do z\u00e1kladn\u00e9ho kola vo ved\u013eaj\u0161om regi\u00f3ne, resp. kraji, ak s t\u00fdm bud\u00fa s\u00fahlasi\u0165 organiz\u00e1tori. Do z\u00e1kladn\u00e9ho kola s\u00fa\u0165a\u017ee sa prihl\u00e1site vyplnen\u00edm elektronick\u00e9ho formul\u00e1ra na str\u00e1nke N\u00e1rodn\u00e9ho osvetov\u00e9ho centra.<\/p>\n<p><a href=\"https:\/\/www.nocka.sk\/chcemsaprihlasit\/prihlasenie\" target=\"_blank\" rel=\"noopener\"><img loading=\"lazy\" decoding=\"async\" data-attachment-id=\"5101\" data-permalink=\"https:\/\/www.satb.sk\/index.php\/2020\/02\/10\/hladaju-sa-spevaci-zo-slovenska-do-unikatneho-projektu\/prihlaska\/\" data-orig-file=\"https:\/\/i2.wp.com\/www.satb.sk\/wp-content\/uploads\/2020\/02\/Prihla\u0301s\u030cka.png?fit=728%2C90&amp;ssl=1\" data-orig-size=\"728,90\" data-comments-opened=\"0\" data-image-meta=\"{&quot;aperture&quot;:&quot;0&quot;,&quot;credit&quot;:&quot;&quot;,&quot;camera&quot;:&quot;&quot;,&quot;caption&quot;:&quot;&quot;,&quot;created_timestamp&quot;:&quot;0&quot;,&quot;copyright&quot;:&quot;&quot;,&quot;focal_length&quot;:&quot;0&quot;,&quot;iso&quot;:&quot;0&quot;,&quot;shutter_speed&quot;:&quot;0&quot;,&quot;title&quot;:&quot;&quot;,&quot;orientation&quot;:&quot;0&quot;}\" data-image-title=\"Prihla\u0301s\u030cka\" data-image-description=\"\" data-image-caption=\"\" data-medium-file=\"https:\/\/i2.wp.com\/www.satb.sk\/wp-content\/uploads\/2020\/02\/Prihla\u0301s\u030cka.png?fit=300%2C37&amp;ssl=1\" data-large-file=\"https:\/\/i2.wp.com\/www.satb.sk\/wp-content\/uploads\/2020\/02\/Prihla\u0301s\u030cka.png?fit=728%2C90&amp;ssl=1\" class=\"aligncenter wp-image-5101 size-medium\" src=\"https:\/\/i2.wp.com\/www.satb.sk\/wp-content\/uploads\/2020\/02\/Prihla\u0301s\u030cka.png?resize=300%2C37&#038;ssl=1\" alt=\"\" width=\"300\" height=\"37\" srcset=\"https:\/\/i2.wp.com\/www.satb.sk\/wp-content\/uploads\/2020\/02\/Prihla\u0301s\u030cka.png?resize=300%2C37&amp;ssl=1 300w, https:\/\/i2.wp.com\/www.satb.sk\/wp-content\/uploads\/2020\/02\/Prihla\u0301s\u030cka.png?resize=600%2C74&amp;ssl=1 600w, https:\/\/i2.wp.com\/www.satb.sk\/wp-content\/uploads\/2020\/02\/Prihla\u0301s\u030cka.png?w=728&amp;ssl=1 728w\" sizes=\"(max-width: 300px) 100vw, 300px\" data-recalc-dims=\"1\" \/><\/a><\/p>\n<p>S\u00fa\u0165a\u017e vyvrchol\u00ed<strong> celo\u0161t\u00e1tnym kolom, ktor\u00e9 bude prebieha\u0165 od 13. do 15. m\u00e1ja 2022 v Prievidzi.<\/strong> S\u00fa\u010das\u0165ou celo\u0161t\u00e1tneho kola bude otv\u00e1rac\u00ed koncert podujatia (hos\u0165uj\u00faci zbor), s\u00fa\u0165a\u017en\u00e9 prehliadky, workshopy pre z\u00fa\u010dastnen\u00fdch, rozborov\u00fd semin\u00e1r pre zbormajstrov z\u00fa\u010dastnen\u00fdch zborov a samozrejme z\u00e1vere\u010dn\u00fd galakoncert. Na \u00fa\u010dastn\u00edkov s\u00fa\u0165a\u017ee \u010dakaj\u00fa vecn\u00e9 ceny a diplomy a absol\u00fatni v\u00ed\u0165azi bud\u00fa ma\u0165 mo\u017enos\u0165 <strong>prezent\u00e1cie na Festivale neprofesion\u00e1lneho umenia TVOR\u2022BA<\/strong> v Bratislave-Starom Meste.<\/p>\n<p>&nbsp;<\/p>\n<p><span class=\"embed-youtube\" style=\"text-align:center; display: block;\"><iframe loading=\"lazy\" class=\"youtube-player\" width=\"837\" height=\"471\" src=\"https:\/\/www.youtube.com\/embed\/2HBRSNQBeMg?version=3&#038;rel=1&#038;showsearch=0&#038;showinfo=1&#038;iv_load_policy=1&#038;fs=1&#038;hl=sk-SK&#038;autohide=2&#038;start=3&#038;wmode=transparent\" allowfullscreen=\"true\" style=\"border:0;\" sandbox=\"allow-scripts allow-same-origin allow-popups allow-presentation\"><\/iframe><\/span><\/p>\n<p>V\u0161etky kol\u00e1 s\u00fa\u0165a\u017ee bud\u00fa prebieha\u0165 na z\u00e1klade aktu\u00e1lnych COVID opatren\u00ed. Vyhlasovate\u013eom a odborn\u00fdm garantom je N\u00e1rodn\u00e9 osvetov\u00e9 centrum z poverenia Ministerstva kult\u00fary SR a Ministerstva \u0161kolstva, vedy, v\u00fdskumu a \u0161portu SR. Organiz\u00e1tormi s\u00fa region\u00e1lne a krajsk\u00e9 osvetov\u00e9 a kult\u00farne stredisk\u00e1, mestsk\u00e9 kult\u00farne stredisk\u00e1 a \u010fal\u0161ie kult\u00farne subjekty. Hlavn\u00fdm organiz\u00e1torom celo\u0161t\u00e1tneho kola je Region\u00e1lne kult\u00farne centrum v Prievidzi.<\/p>\n<p>VIac inform\u00e1cii o podujat\u00ed n\u00e1jdete na str\u00e1nke <a href=\"https:\/\/www.nocka.sk\/sutaze-a-prehliadky\/mladez-spieva\/\" target=\"_blank\" rel=\"noopener\"><strong>N\u00e1rodn\u00e9ho osvetov\u00e9ho centra<\/strong><\/a> alebo kontaktujte odborn\u00e9ho pracovn\u00edka pre hudbu a spev v N\u00e1rodnom osvetovom centre na adrese <span style=\"text-decoration: underline;\">michal.stahl@nocka.sk<\/span>.<\/p>\n<p>&nbsp;<\/p>\n<p>Pripravilo: <em>satb.sK<\/em><\/p>\n","protected":false},"excerpt":{"rendered":"<p>Najstar\u0161ie zborov\u00e9 podujatie na Slovensku sa bude kona\u0165 aj napriek pand\u00e9mii.\u00a0<\/p>\n","protected":false},"author":1,"featured_media":6146,"comment_status":"closed","ping_status":"closed","sticky":false,"template":"","format":"standard","meta":{"om_disable_all_campaigns":false,"_monsterinsights_skip_tracking":false,"_monsterinsights_sitenote_active":false,"_monsterinsights_sitenote_note":"","_monsterinsights_sitenote_category":0,"spay_email":"","footnotes":"","jetpack_publicize_message":"","jetpack_is_tweetstorm":false},"categories":[49],"tags":[52,38,35],"class_list":["post-6115","post","type-post","status-publish","format-standard","has-post-thumbnail","hentry","category-aktualne","tag-festival","tag-mladez-spieva","tag-sutaz"],"aioseo_notices":[],"jetpack_featured_media_url":"https:\/\/i0.wp.com\/www.satb.sk\/wp-content\/uploads\/2022\/01\/61852989_2298332020419336_8870836856296570880_n.jpeg?fit=1800%2C1200&ssl=1","jetpack_publicize_connections":[],"jetpack_sharing_enabled":true,"jetpack_shortlink":"https:\/\/wp.me\/pav5wC-1AD","jetpack-related-posts":[{"id":692,"url":"https:\/\/www.satb.sk\/index.php\/2019\/01\/21\/podujatie-mladez-spieva-zverejnilo-propozicie\/","url_meta":{"origin":6115,"position":0},"title":"Podujatie Ml\u00e1de\u017e spieva zverejnilo propoz\u00edcie","date":"21 janu\u00e1ra, 2019","format":false,"excerpt":"Najstar\u0161ia postupov\u00e1 s\u00fa\u0165a\u017e a prehliadka v oblasti zborov\u00e9ho spevu na Slovensku zverejnila podmienky, na z\u00e1klade ktor\u00fdch sa m\u00f4\u017eu prihl\u00e1si\u0165 detsk\u00e9 spev\u00e1cke zbory do krajsk\u00fdch k\u00f4l s\u00fa\u0165a\u017ee. Podujatie Ml\u00e1de\u017e spieva je na zborovej sc\u00e9ne u\u017e od roku 1969 a tento rok sa pripravuje na oslavu svojho p\u00e4\u0165desiateho v\u00fdro\u010dia. S\u00fa\u0165a\u017en\u00e1 prehliadka bola\u2026","rel":"","context":"V &quot;PODUJATIA&quot;","img":{"alt_text":"","src":"https:\/\/i2.wp.com\/www.satb.sk\/wp-content\/uploads\/2019\/01\/19621074_252383868500134_2984842279771165822_o.jpg?fit=1200%2C900&ssl=1&resize=350%2C200","width":350,"height":200},"classes":[]},{"id":6180,"url":"https:\/\/www.satb.sk\/index.php\/2024\/05\/13\/mladez-spieva-2024-plna-slovenskej-tvorby-a-kvalitnych-vykonov\/","url_meta":{"origin":6115,"position":1},"title":"Ml\u00e1de\u017e spieva 2024 pln\u00e1 slovenskej tvorby a\u00a0kvalitn\u00fdch umeleck\u00fdch v\u00fdkonov","date":"13 m\u00e1ja, 2024","format":false,"excerpt":"Pozn\u00e1me v\u00ed\u0165azov celo\u0161t\u00e1tnej s\u00fa\u0165a\u017ee a prehliadky Ml\u00e1de\u017e spieva 2024. Premi\u00e9ry slovensk\u00fdch skladieb, bohat\u00fd program a\u00a0predov\u0161etk\u00fdm vysok\u00e1 umeleck\u00e1 \u00farove\u0148. Aj tak by sa dal op\u00edsa\u0165 52. ro\u010dn\u00edk celo\u0161t\u00e1tnej s\u00fa\u0165a\u017ee a\u00a0prehliadky detsk\u00fdch a\u00a0ml\u00e1de\u017en\u00edckych spev\u00e1ckych zborov Ml\u00e1de\u017e spieva 2024. Celo\u0161t\u00e1tne kolo s\u00fa\u0165a\u017ee Ml\u00e1de\u017e spieva sa uskuto\u010dnilo 10. \u2013 11. m\u00e1ja 2024 v\u00a0Prievidzi a\u00a0z\u00fa\u010dastnilo\u2026","rel":"","context":"V &quot;AKTU\u00c1LNE&quot;","img":{"alt_text":"","src":"https:\/\/i0.wp.com\/www.satb.sk\/wp-content\/uploads\/2024\/05\/IMG_0433-scaled.jpg?fit=1200%2C900&ssl=1&resize=350%2C200","width":350,"height":200},"classes":[]},{"id":4101,"url":"https:\/\/www.satb.sk\/index.php\/2019\/06\/03\/mladez-spieva-oslavila-50-vyrocie\/","url_meta":{"origin":6115,"position":2},"title":"Ml\u00e1de\u017e spieva osl\u00e1vila 50. v\u00fdro\u010die","date":"3 j\u00fana, 2019","format":false,"excerpt":"V Prievidzi sa konal jubilejn\u00fd ro\u010dn\u00edk najstar\u0161ej postupovej prehliadky v zborovom speve na Slovensku. Zv\u00ed\u0165azili v\u0161etky spev\u00e1cke zbory. \u00a0 Celo\u0161t\u00e1tna postupov\u00e1 s\u00fa\u0165a\u017e a prehliadka detsk\u00fdch spev\u00e1ckych zborov Ml\u00e1de\u017e spieva osl\u00e1vila minul\u00fd t\u00fd\u017ede\u0148 50. v\u00fdro\u010die svojho vzniku.Tento rok s\u00fa\u0165a\u017eilo v krajsk\u00fdch kol\u00e1ch 31 detsk\u00fdch spev\u00e1ckych zborov s pribli\u017en\u00fdm po\u010dtom tis\u00edc spev\u00e1kov.\u2026","rel":"","context":"V &quot;AKTU\u00c1LNE&quot;","img":{"alt_text":"","src":"https:\/\/i1.wp.com\/www.satb.sk\/wp-content\/uploads\/2019\/06\/Mla\u0301dez\u030c-spieva.jpg?fit=683%2C317&ssl=1&resize=350%2C200","width":350,"height":200},"classes":[]},{"id":2505,"url":"https:\/\/www.satb.sk\/index.php\/2019\/02\/11\/festival-akademicka-banska-bystrica\/","url_meta":{"origin":6115,"position":3},"title":"Festival Akademick\u00e1 Bansk\u00e1 Bystrica","date":"11 febru\u00e1ra, 2019","format":false,"excerpt":"Po podujat\u00ed\u00a0Ml\u00e1de\u017e spieva a po\u00a0Vranovsk\u00fdch zborov\u00fdch sl\u00e1vnostiach zverejnili s\u00fa\u0165a\u017en\u00e9 propoz\u00edcie aj organiz\u00e1tori \u010fal\u0161ieho zborov\u00e9ho festivalu na Slovensku. Po dvoch rokoch sa n\u00e1m znovu vracia medzin\u00e1rodn\u00fd s\u00fa\u0165a\u017en\u00fd festival Akademick\u00e1 Bansk\u00e1 Bystrica. Toto podujatie m\u00e1 dvojro\u010dn\u00fa periodicitu a u\u017e osemn\u00e1s\u0165 rokov sa te\u0161\u00ed ob\u013eube u dom\u00e1cich, ale i u zahrani\u010dn\u00fdch spev\u00e1ckych zborov.\u2026","rel":"","context":"V &quot;AKTU\u00c1LNE&quot;","img":{"alt_text":"","src":"https:\/\/i2.wp.com\/www.satb.sk\/wp-content\/uploads\/2019\/02\/siteIcon-4829.jpg?fit=570%2C388&ssl=1&resize=350%2C200","width":350,"height":200},"classes":[]},{"id":6233,"url":"https:\/\/www.satb.sk\/index.php\/2024\/11\/13\/mimoriadny-uspech-dievcenskeho-spevackeho-zboru-z-humenneho\/","url_meta":{"origin":6115,"position":4},"title":"Mimoriadny \u00faspech diev\u010densk\u00e9ho spev\u00e1ckeho zboru z Humenn\u00e9ho","date":"13 novembra, 2024","format":false,"excerpt":"Spev\u00e1\u010dky zo zboru Young Voices si vyspievali dve zlat\u00e9 medaile.\u00a0 V\u00a0d\u0148och 24. \u2013 28.okt\u00f3bra 2024 sa v\u00a0\u0161panielsk\u00fdch mest\u00e1ch Calella a\u00a0Barcelona konala medzin\u00e1rodn\u00e1 zborov\u00e1 s\u00fa\u0165a\u017e Sing For Gold 2024, ktor\u00fa organizuje medzin\u00e1rodne uzn\u00e1van\u00e1 in\u0161tit\u00facia - Interkultur.\u00a0 Diev\u010densk\u00fd spev\u00e1cky zbor Young Voices, ktor\u00fd p\u00f4sob\u00ed pri SZU\u0160 M\u00faza v\u00a0Humennom sa ako jedin\u00fd spev\u00e1cky\u2026","rel":"","context":"V &quot;MAGAZ\u00cdN&quot;","img":{"alt_text":"","src":"https:\/\/i1.wp.com\/www.satb.sk\/wp-content\/uploads\/2024\/11\/Youth-Choirs.jpg?fit=1200%2C800&ssl=1&resize=350%2C200","width":350,"height":200},"classes":[]},{"id":5732,"url":"https:\/\/www.satb.sk\/index.php\/2021\/04\/30\/premiera-aj-napriek-pandemii\/","url_meta":{"origin":6115,"position":5},"title":"Premi\u00e9ra aj napriek pand\u00e9mii","date":"30 apr\u00edla, 2021","format":false,"excerpt":"Vypo\u010dujte si virtu\u00e1lnu premi\u00e9ru v podan\u00ed spev\u00e1ckeho zboru Gaudeamus z\u00a0Pre\u0161ova. Diev\u010densk\u00fd spev\u00e1cky zbor Gaudeamus p\u00f4sob\u00ed v\u00a0Pre\u0161ove v r\u00e1mci Strednej odbornej \u0161koly pedagogickej. Zbor patr\u00ed ku jedn\u00e9mu z\u00a0m\u00e1la stredo\u0161kolsk\u00fdch zborov, ktor\u00e9 na Slovensku e\u0161te m\u00e1me. Tak ako v\u00e4\u010d\u0161ina zborov\u00fdch spev\u00e1kov, aj \u010dlenky zboru Gaudeamus museli kv\u00f4li pand\u00e9mii o\u017eelie\u0165 svoje n\u00e1cviky. Ke\u010f\u017ee\u2026","rel":"","context":"V &quot;AKTU\u00c1LNE&quot;","img":{"alt_text":"","src":"https:\/\/i0.wp.com\/www.satb.sk\/wp-content\/uploads\/2021\/04\/180344554_10219820383640561_982615669234692018_n-e1619788080274.jpeg?fit=883%2C571&ssl=1&resize=350%2C200","width":350,"height":200},"classes":[]}],"_links":{"self":[{"href":"https:\/\/www.satb.sk\/index.php\/wp-json\/wp\/v2\/posts\/6115"}],"collection":[{"href":"https:\/\/www.satb.sk\/index.php\/wp-json\/wp\/v2\/posts"}],"about":[{"href":"https:\/\/www.satb.sk\/index.php\/wp-json\/wp\/v2\/types\/post"}],"author":[{"embeddable":true,"href":"https:\/\/www.satb.sk\/index.php\/wp-json\/wp\/v2\/users\/1"}],"replies":[{"embeddable":true,"href":"https:\/\/www.satb.sk\/index.php\/wp-json\/wp\/v2\/comments?post=6115"}],"version-history":[{"count":9,"href":"https:\/\/www.satb.sk\/index.php\/wp-json\/wp\/v2\/posts\/6115\/revisions"}],"predecessor-version":[{"id":6158,"href":"https:\/\/www.satb.sk\/index.php\/wp-json\/wp\/v2\/posts\/6115\/revisions\/6158"}],"wp:featuredmedia":[{"embeddable":true,"href":"https:\/\/www.satb.sk\/index.php\/wp-json\/wp\/v2\/media\/6146"}],"wp:attachment":[{"href":"https:\/\/www.satb.sk\/index.php\/wp-json\/wp\/v2\/media?parent=6115"}],"wp:term":[{"taxonomy":"category","embeddable":true,"href":"https:\/\/www.satb.sk\/index.php\/wp-json\/wp\/v2\/categories?post=6115"},{"taxonomy":"post_tag","embeddable":true,"href":"https:\/\/www.satb.sk\/index.php\/wp-json\/wp\/v2\/tags?post=6115"}],"curies":[{"name":"wp","href":"https:\/\/api.w.org\/{rel}","templated":true}]}}