{"id":6180,"date":"2024-05-13T12:19:19","date_gmt":"2024-05-13T12:19:19","guid":{"rendered":"https:\/\/www.satb.sk\/?p=6180"},"modified":"2024-05-13T12:38:48","modified_gmt":"2024-05-13T12:38:48","slug":"mladez-spieva-2024-plna-slovenskej-tvorby-a-kvalitnych-vykonov","status":"publish","type":"post","link":"https:\/\/www.satb.sk\/index.php\/2024\/05\/13\/mladez-spieva-2024-plna-slovenskej-tvorby-a-kvalitnych-vykonov\/","title":{"rendered":"Ml\u00e1de\u017e spieva 2024 pln\u00e1 slovenskej tvorby a\u00a0kvalitn\u00fdch umeleck\u00fdch v\u00fdkonov"},"content":{"rendered":"<h5><strong><em>Pozn\u00e1me v\u00ed\u0165azov celo\u0161t\u00e1tnej s\u00fa\u0165a\u017ee a prehliadky Ml\u00e1de\u017e spieva 2024.<\/em><\/strong><\/h5>\n<p><!--more--><\/p>\n<p>Premi\u00e9ry slovensk\u00fdch skladieb, bohat\u00fd program a\u00a0predov\u0161etk\u00fdm vysok\u00e1 umeleck\u00e1 \u00farove\u0148. Aj tak by sa dal op\u00edsa\u0165 52. ro\u010dn\u00edk celo\u0161t\u00e1tnej s\u00fa\u0165a\u017ee a\u00a0prehliadky detsk\u00fdch a\u00a0ml\u00e1de\u017en\u00edckych spev\u00e1ckych zborov <span style=\"color: #004652;\"><strong>Ml\u00e1de\u017e spieva 2024.<\/strong><\/span><\/p>\n<p>Celo\u0161t\u00e1tne kolo s\u00fa\u0165a\u017ee Ml\u00e1de\u017e spieva sa <strong><span style=\"color: #004652;\">uskuto\u010dnilo 10. \u2013 11. m\u00e1ja 2024 v\u00a0Prievidzi<\/span><\/strong> a\u00a0z\u00fa\u010dastnilo sa ho <span style=\"color: #004652;\"><strong>desa\u0165 spev\u00e1ckych zborov z\u00a0cel\u00e9ho Slovenska.<\/strong><\/span> Tie do Prievidze post\u00fapili z krajsk\u00fdch k\u00f4l, ktor\u00e9 sa konali v priebehu febru\u00e1ra, marca a apr\u00edla vo Vranove nad Top\u013eou, v Ko\u0161iciach, v Banskej Bystrici, v Nitre, v Pova\u017eskej Bystrici, v Dunajskej Strede a v Bratislave. <em>\u201eMl\u00e1de\u017e spieva sa kon\u00e1 ka\u017ed\u00e9 dva roky a\u00a0celo\u0161t\u00e1tne kolo je v podstate vyvrcholen\u00edm dlhodobej pr\u00e1ce dirigentov a\u00a0\u010dlenov spev\u00e1ckych zborov. Sme ve\u013emi radi, \u017ee sa toto podujatie te\u0161\u00ed \u010doraz v\u00e4\u010d\u0161ej ob\u013eube u\u00a0zborov po celom Slovensku.\u201c<\/em> hovor\u00ed Michal Stahl, metodik z\u00a0N\u00e1rodn\u00e9ho osvetov\u00e9ho centra.<\/p>\n<p>Na spev\u00e1cky zbory, ktor\u00e9 post\u00fapili do celo\u0161t\u00e1tneho kola, \u010dakal bohat\u00fd program v\u00a0podobe koncertov a workshopov pre spev\u00e1kov a\u00a0dirigentov. Pre \u010dlenov zborov bol pripraven\u00fd workshop o\u00a0hlasovej v\u00fdchove pod veden\u00edm Dariny Andu\u010di\u010d-T\u00f3thovej a\u00a0zborov\u00ed dirigenti sa z\u00fa\u010dastnili dirigentsk\u00e9ho workshopu s\u00a0Tatianou Kani\u0161\u00e1kovou. Vyvrcholen\u00edm piatkov\u00e9ho programu bolo sl\u00e1vnostn\u00fd koncert a otvorenie prehliadky v\u00a0Kostole sv. Bartolomeja, kde vyst\u00fapil hlavn\u00fd hos\u0165 podujatia <span style=\"color: #004652;\"><strong>Sever\u00e1\u010dek &#8211; Libereck\u00fd d\u011btsk\u00fd sbor ZU\u0160 z\u00a0\u010ceskej republiky<\/strong><\/span> pod veden\u00edm Silvie Langrovej.<\/p>\n<p><img loading=\"lazy\" decoding=\"async\" data-attachment-id=\"6203\" data-permalink=\"https:\/\/www.satb.sk\/index.php\/2024\/05\/13\/mladez-spieva-2024-plna-slovenskej-tvorby-a-kvalitnych-vykonov\/img_0454\/\" data-orig-file=\"https:\/\/i1.wp.com\/www.satb.sk\/wp-content\/uploads\/2024\/05\/IMG_0454-scaled-e1715599542831.jpg?fit=1920%2C1427&amp;ssl=1\" data-orig-size=\"1920,1427\" data-comments-opened=\"0\" data-image-meta=\"{&quot;aperture&quot;:&quot;1.78&quot;,&quot;credit&quot;:&quot;&quot;,&quot;camera&quot;:&quot;iPhone 15 Pro&quot;,&quot;caption&quot;:&quot;&quot;,&quot;created_timestamp&quot;:&quot;1715428789&quot;,&quot;copyright&quot;:&quot;&quot;,&quot;focal_length&quot;:&quot;6.76499986565&quot;,&quot;iso&quot;:&quot;400&quot;,&quot;shutter_speed&quot;:&quot;0.02&quot;,&quot;title&quot;:&quot;&quot;,&quot;orientation&quot;:&quot;1&quot;}\" data-image-title=\"IMG_0454\" data-image-description=\"\" data-image-caption=\"\" data-medium-file=\"https:\/\/i1.wp.com\/www.satb.sk\/wp-content\/uploads\/2024\/05\/IMG_0454-scaled-e1715599542831.jpg?fit=300%2C223&amp;ssl=1\" data-large-file=\"https:\/\/i1.wp.com\/www.satb.sk\/wp-content\/uploads\/2024\/05\/IMG_0454-scaled-e1715599542831.jpg?fit=837%2C622&amp;ssl=1\" class=\"alignnone wp-image-6203 \" src=\"https:\/\/i0.wp.com\/www.satb.sk\/wp-content\/uploads\/2024\/05\/IMG_0454-scaled-e1715599542831-300x223.jpg?resize=674%2C501&#038;ssl=1\" alt=\"\" width=\"674\" height=\"501\" srcset=\"https:\/\/i1.wp.com\/www.satb.sk\/wp-content\/uploads\/2024\/05\/IMG_0454-scaled-e1715599542831.jpg?resize=300%2C223&amp;ssl=1 300w, https:\/\/i1.wp.com\/www.satb.sk\/wp-content\/uploads\/2024\/05\/IMG_0454-scaled-e1715599542831.jpg?resize=1024%2C761&amp;ssl=1 1024w, https:\/\/i1.wp.com\/www.satb.sk\/wp-content\/uploads\/2024\/05\/IMG_0454-scaled-e1715599542831.jpg?resize=768%2C571&amp;ssl=1 768w, https:\/\/i1.wp.com\/www.satb.sk\/wp-content\/uploads\/2024\/05\/IMG_0454-scaled-e1715599542831.jpg?resize=1536%2C1142&amp;ssl=1 1536w, https:\/\/i1.wp.com\/www.satb.sk\/wp-content\/uploads\/2024\/05\/IMG_0454-scaled-e1715599542831.jpg?resize=600%2C446&amp;ssl=1 600w, https:\/\/i1.wp.com\/www.satb.sk\/wp-content\/uploads\/2024\/05\/IMG_0454-scaled-e1715599542831.jpg?w=1920&amp;ssl=1 1920w, https:\/\/i1.wp.com\/www.satb.sk\/wp-content\/uploads\/2024\/05\/IMG_0454-scaled-e1715599542831.jpg?w=1674&amp;ssl=1 1674w\" sizes=\"(max-width: 674px) 100vw, 674px\" data-recalc-dims=\"1\" \/><\/p>\n<h6><em><strong>Celo\u0161t\u00e1tna s\u00fa\u0165a\u017e<\/strong><\/em><\/h6>\n<p>Hlavnou \u010das\u0165ou Ml\u00e1de\u017ee spieva bola celo\u0161t\u00e1tna s\u00fa\u0165a\u017en\u00e1 prehliadka detsk\u00fdch a ml\u00e1de\u017en\u00edckych spev\u00e1ckych zborov. T\u00e1 sa konala po prv\u00fdkr\u00e1t v priestoroch Piaristick\u00e9ho kostola v Prievidzi. Celkovo s\u00fa\u0165a\u017eilo desa\u0165 spev\u00e1ckych zborov, ktor\u00e9 hodnotila odborn\u00e1 porota zlo\u017een\u00e1 z odborn\u00edkov z oblasti zborov\u00e9ho spevu, hlasovej v\u00fdchody a kompoz\u00edcie. \u010clenmi poroty boli Prof. Blanka Juha\u0148\u00e1kov\u00e1 (predsedn\u00ed\u010dka poroty), skladate\u013e Prof. Jevgenij Ir\u0161ai, hlasov\u00e1 pedagogi\u010dka Darina Andu\u010di\u010d-T\u00f3thov\u00e1 a pedagogi\u010dky a dirigentky Tatiana Kani\u0161\u00e1kov\u00e1 a O\u013ega Bystrianska.<\/p>\n<p>Porota st\u00e1le pred ne\u013eahkou \u00falohou, preto\u017ee tohtoro\u010dn\u00e9 celo\u0161t\u00e1tne kolo malo nad\u0161tandardne vysok\u00fa umeleck\u00fa \u00farove\u0148. S\u00fa\u0165a\u017en\u00e9 spev\u00e1cke zbory sa vyzna\u010dovali ve\u013emi vysokou hlasovou kult\u00farou a\u00a0dobre zostavenou dramaturgiou. <em>\u201eVyst\u00fapenia spev\u00e1ckych zborov uk\u00e1zali v\u00fdrazn\u00e9 zborov\u00e9 z\u00e1zemie umeleckej kvality v r\u00e1mci Slovenska. Ak sme e\u0161te pred p\u00e1r rokmi hovorili o kr\u00edze zborov\u00e9ho umenia, tak tento ro\u010dn\u00edk uk\u00e1zal celkov\u00fd progres v kvalite z\u00fa\u010dastnen\u00fdch zborov. Porota mohla kon\u0161tatova\u0165 viac tie pozit\u00edvne vyjadrenia, a ak odzneli nejak\u00e9 v\u00fdhrady, bolo to sk\u00f4r pre usmernenie a \u010fal\u0161ie napredovanie v interpreta\u010dnom smerovan\u00ed.\u201c <\/em>povedala na margo s\u00fa\u0165a\u017ee predsedn\u00ed\u010dka poroty Prof. Blanka Juha\u0148\u00e1kov\u00e1. \u201e<em>Z\u00e1rove\u0148 sa op\u00e4\u0165 sa uk\u00e1zal v\u00fdrazn\u00fd fenom\u00e9n dotv\u00e1rania hudobn\u00fdch kompoz\u00edci\u00ed pohybovou choreografiou, \u010do je svetov\u00fd trend posledn\u00fdch rokov. Je dobr\u00e9, \u017ee sa vytv\u00e1ra reflexia aj na Slovensku a zbory to prij\u00edmaj\u00fa s nad\u0161en\u00edm.\u201c <\/em>dodala Juha\u0148\u00e1kov\u00e1.<\/p>\n<p>Absol\u00fatnym v\u00ed\u0165azom Ml\u00e1de\u017ee spieva v\u00a0kateg\u00f3rii Ml\u00e1de\u017en\u00edcke spev\u00e1cke zbory sa stal <strong><span style=\"color: #004652;\">Ml\u00e1de\u017en\u00edcky spev\u00e1cky zbor Young Voicec z\u00a0Humenn\u00e9ho pod veden\u00edm Zuzany<\/span> <span style=\"color: #004652;\">Dirb\u00e1kovej.<\/span><\/strong> Absol\u00fatnym v\u00ed\u0165azom v\u00a0kateg\u00f3rii Detsk\u00e9 spev\u00e1cke sa stal <span style=\"color: #004652;\"><strong>Detsk\u00fd spev\u00e1cky zbor Zvon\u010dek z\u00a0Ko\u0161\u00edc<\/strong>,<\/span> ktor\u00fd ved\u00fa zbormajsterky Andrea Ferencei a\u00a0Szilvia Keke\u0148\u00e1k. Ostatn\u00e9 zbory boli zaraden\u00e9 do zlat\u00e9ho, strieborn\u00e9ho a\u00a0bronzov\u00e9ho p\u00e1sma. Okrem p\u00e1siem boli spev\u00e1ckym zborom udelen\u00e9 aj \u0161peci\u00e1lne ceny za hlasov\u00fa kult\u00faru, dramaturgiu a interpret\u00e1ciu vybran\u00fdch skladieb. <em>(Kompletn\u00e9 v\u00fdsledky s\u00fa\u0165a\u017ee dostupn\u00e9 ni\u017e\u0161ie).<\/em><\/p>\n<figure id=\"attachment_6189\" aria-describedby=\"caption-attachment-6189\" style=\"width: 392px\" class=\"wp-caption alignleft\"><img loading=\"lazy\" decoding=\"async\" data-attachment-id=\"6189\" data-permalink=\"https:\/\/www.satb.sk\/index.php\/2024\/05\/13\/mladez-spieva-2024-plna-slovenskej-tvorby-a-kvalitnych-vykonov\/unnamed-1-2\/\" data-orig-file=\"https:\/\/i1.wp.com\/www.satb.sk\/wp-content\/uploads\/2024\/05\/unnamed-1-scaled.jpg?fit=1920%2C2560&amp;ssl=1\" data-orig-size=\"1920,2560\" data-comments-opened=\"0\" data-image-meta=\"{&quot;aperture&quot;:&quot;0&quot;,&quot;credit&quot;:&quot;&quot;,&quot;camera&quot;:&quot;&quot;,&quot;caption&quot;:&quot;&quot;,&quot;created_timestamp&quot;:&quot;0&quot;,&quot;copyright&quot;:&quot;&quot;,&quot;focal_length&quot;:&quot;0&quot;,&quot;iso&quot;:&quot;0&quot;,&quot;shutter_speed&quot;:&quot;0&quot;,&quot;title&quot;:&quot;&quot;,&quot;orientation&quot;:&quot;0&quot;}\" data-image-title=\"unnamed (1)\" data-image-description=\"\" data-image-caption=\"\" data-medium-file=\"https:\/\/i1.wp.com\/www.satb.sk\/wp-content\/uploads\/2024\/05\/unnamed-1-scaled.jpg?fit=225%2C300&amp;ssl=1\" data-large-file=\"https:\/\/i1.wp.com\/www.satb.sk\/wp-content\/uploads\/2024\/05\/unnamed-1-scaled.jpg?fit=768%2C1024&amp;ssl=1\" class=\"wp-image-6189\" src=\"https:\/\/i2.wp.com\/www.satb.sk\/wp-content\/uploads\/2024\/05\/unnamed-1.jpg?resize=392%2C523&#038;ssl=1\" alt=\"\" width=\"392\" height=\"523\" srcset=\"https:\/\/i1.wp.com\/www.satb.sk\/wp-content\/uploads\/2024\/05\/unnamed-1-scaled.jpg?resize=225%2C300&amp;ssl=1 225w, https:\/\/i1.wp.com\/www.satb.sk\/wp-content\/uploads\/2024\/05\/unnamed-1-scaled.jpg?resize=768%2C1024&amp;ssl=1 768w, https:\/\/i1.wp.com\/www.satb.sk\/wp-content\/uploads\/2024\/05\/unnamed-1-scaled.jpg?resize=1152%2C1536&amp;ssl=1 1152w, https:\/\/i1.wp.com\/www.satb.sk\/wp-content\/uploads\/2024\/05\/unnamed-1-scaled.jpg?resize=1536%2C2048&amp;ssl=1 1536w, https:\/\/i1.wp.com\/www.satb.sk\/wp-content\/uploads\/2024\/05\/unnamed-1-scaled.jpg?resize=600%2C800&amp;ssl=1 600w, https:\/\/i1.wp.com\/www.satb.sk\/wp-content\/uploads\/2024\/05\/unnamed-1-scaled.jpg?w=1920&amp;ssl=1 1920w, https:\/\/i1.wp.com\/www.satb.sk\/wp-content\/uploads\/2024\/05\/unnamed-1-scaled.jpg?w=1674&amp;ssl=1 1674w\" sizes=\"(max-width: 392px) 100vw, 392px\" data-recalc-dims=\"1\" \/><figcaption id=\"caption-attachment-6189\" class=\"wp-caption-text\"><em>Detsk\u00fd spev\u00e1cky zbor Zvon\u010dek z Ko\u0161\u00edc. Foto: satb.sk<\/em><\/figcaption><\/figure>\n<figure id=\"attachment_6193\" aria-describedby=\"caption-attachment-6193\" style=\"width: 393px\" class=\"wp-caption alignleft\"><img loading=\"lazy\" decoding=\"async\" data-attachment-id=\"6193\" data-permalink=\"https:\/\/www.satb.sk\/index.php\/2024\/05\/13\/mladez-spieva-2024-plna-slovenskej-tvorby-a-kvalitnych-vykonov\/img_0465\/\" data-orig-file=\"https:\/\/i0.wp.com\/www.satb.sk\/wp-content\/uploads\/2024\/05\/IMG_0465-scaled.jpg?fit=1920%2C2560&amp;ssl=1\" data-orig-size=\"1920,2560\" data-comments-opened=\"0\" data-image-meta=\"{&quot;aperture&quot;:&quot;2.8&quot;,&quot;credit&quot;:&quot;&quot;,&quot;camera&quot;:&quot;iPhone 15 Pro&quot;,&quot;caption&quot;:&quot;&quot;,&quot;created_timestamp&quot;:&quot;1715431587&quot;,&quot;copyright&quot;:&quot;&quot;,&quot;focal_length&quot;:&quot;9&quot;,&quot;iso&quot;:&quot;400&quot;,&quot;shutter_speed&quot;:&quot;0.02&quot;,&quot;title&quot;:&quot;&quot;,&quot;orientation&quot;:&quot;1&quot;}\" data-image-title=\"IMG_0465\" data-image-description=\"\" data-image-caption=\"\" data-medium-file=\"https:\/\/i0.wp.com\/www.satb.sk\/wp-content\/uploads\/2024\/05\/IMG_0465-scaled.jpg?fit=225%2C300&amp;ssl=1\" data-large-file=\"https:\/\/i0.wp.com\/www.satb.sk\/wp-content\/uploads\/2024\/05\/IMG_0465-scaled.jpg?fit=768%2C1024&amp;ssl=1\" class=\"wp-image-6193\" src=\"https:\/\/i1.wp.com\/www.satb.sk\/wp-content\/uploads\/2024\/05\/IMG_0465.jpg?resize=393%2C524&#038;ssl=1\" alt=\"\" width=\"393\" height=\"524\" srcset=\"https:\/\/i0.wp.com\/www.satb.sk\/wp-content\/uploads\/2024\/05\/IMG_0465-scaled.jpg?resize=225%2C300&amp;ssl=1 225w, https:\/\/i0.wp.com\/www.satb.sk\/wp-content\/uploads\/2024\/05\/IMG_0465-scaled.jpg?resize=768%2C1024&amp;ssl=1 768w, https:\/\/i0.wp.com\/www.satb.sk\/wp-content\/uploads\/2024\/05\/IMG_0465-scaled.jpg?resize=1152%2C1536&amp;ssl=1 1152w, https:\/\/i0.wp.com\/www.satb.sk\/wp-content\/uploads\/2024\/05\/IMG_0465-scaled.jpg?resize=1536%2C2048&amp;ssl=1 1536w, https:\/\/i0.wp.com\/www.satb.sk\/wp-content\/uploads\/2024\/05\/IMG_0465-scaled.jpg?resize=600%2C800&amp;ssl=1 600w, https:\/\/i0.wp.com\/www.satb.sk\/wp-content\/uploads\/2024\/05\/IMG_0465-scaled.jpg?w=1920&amp;ssl=1 1920w, https:\/\/i0.wp.com\/www.satb.sk\/wp-content\/uploads\/2024\/05\/IMG_0465-scaled.jpg?w=1674&amp;ssl=1 1674w\" sizes=\"(max-width: 393px) 100vw, 393px\" data-recalc-dims=\"1\" \/><figcaption id=\"caption-attachment-6193\" class=\"wp-caption-text\"><em>Ml\u00e1d. spev\u00e1cky zbor Young Voices. Humenn\u00e9, Foto: satb.sk<\/em><\/figcaption><\/figure>\n<p><em>\u00a0 \u00a0 \u00a0 \u00a0 \u00a0 \u00a0<\/em><\/p>\n<p>&nbsp;<\/p>\n<p>&nbsp;<\/p>\n<p>&nbsp;<\/p>\n<p>&nbsp;<\/p>\n<p>&nbsp;<\/p>\n<p>&nbsp;<\/p>\n<p>&nbsp;<\/p>\n<p>&nbsp;<\/p>\n<p>&nbsp;<\/p>\n<p>&nbsp;<\/p>\n<p>&nbsp;<\/p>\n<p>&nbsp;<\/p>\n<p>Vyvrcholen\u00edm Ml\u00e1de\u017ee spieva bol galakoncert spojen\u00fd so sl\u00e1vnostn\u00fdm vyhl\u00e1sen\u00edm v\u00fdsledkov a\u00a0s\u00a0odovzd\u00e1van\u00edm pocty N\u00e1rodn\u00e9ho osvetov\u00e9ho centra. Na galakoncerte zaznela premi\u00e9ra skladby <em>Z\u00e1zraky sa dej\u00fa<\/em>, ktor\u00fa pre Ml\u00e1de\u017e spieva 2024 nap\u00edsala M\u00e1ria Ja\u0161urdov\u00e1. Skladbu na\u0161tudovali s\u00fa\u0165a\u017en\u00e9 zbory pod veden\u00edm Ja\u0161urdovej a\u00a0dirigentky Veroniky Veverkovej v\u00a0spolupr\u00e1ci s\u00a0Orchestrom ZU\u0160 L. Stan\u010deka a\u00a0dirigenta Mari\u00e1na P\u00fa\u010dika. \u201e<em>Na javisku sa stretlo okolo 300 det\u00ed a spolu s orchestrom sme pracovali na s\u00fahre, umeleckom prejave a v\u00fdraze skladby. Bol to \u00fa\u017easn\u00fd z\u00e1\u017eitok, nielen pre m\u0148a ako lektorku, ktor\u00e1 mala pod rukami ve\u013ek\u00fa masu spev\u00e1kov, ale aj pre deti z jednotliv\u00fdch zborov, ktor\u00e9 si mohli vysk\u00fa\u0161a\u0165 spievanie po boku nov\u00fdch kamar\u00e1tov a pocit zjednotenia sa pre spolo\u010dn\u00fd v\u00fdsledok.\u201c <\/em>op\u00edsala proces sk\u00fa\u0161ania na galakoncert lektorka Veronika Veverkov\u00e1.<\/p>\n<p><span style=\"color: #004652;\"><strong>Pocta N\u00e1rodn\u00e9ho osvetov\u00e9ho centra bola udelen\u00e1 Elene \u0160arayovej Kov\u00e1\u010dovej,<\/strong><\/span> prvej profesion\u00e1lnej slovenskej dirigentke, za jej celo\u017eivotn\u00fd pr\u00ednos v oblasti zborovej hudby. Napriek tomu, \u017ee si zo zdravotn\u00fdch d\u00f4vodov cenu nemohla prebra\u0165, \u00fa\u010dastn\u00edci jej z\u00e1sluhy ocenili dlh\u00fdm potleskom.<\/p>\n<figure id=\"attachment_6188\" aria-describedby=\"caption-attachment-6188\" style=\"width: 809px\" class=\"wp-caption alignnone\"><img loading=\"lazy\" decoding=\"async\" data-attachment-id=\"6188\" data-permalink=\"https:\/\/www.satb.sk\/index.php\/2024\/05\/13\/mladez-spieva-2024-plna-slovenskej-tvorby-a-kvalitnych-vykonov\/nacvik\/\" data-orig-file=\"https:\/\/i1.wp.com\/www.satb.sk\/wp-content\/uploads\/2024\/05\/nacvik-scaled.jpg?fit=2560%2C1920&amp;ssl=1\" data-orig-size=\"2560,1920\" data-comments-opened=\"0\" data-image-meta=\"{&quot;aperture&quot;:&quot;1.78&quot;,&quot;credit&quot;:&quot;&quot;,&quot;camera&quot;:&quot;iPhone 15 Pro&quot;,&quot;caption&quot;:&quot;&quot;,&quot;created_timestamp&quot;:&quot;1715442230&quot;,&quot;copyright&quot;:&quot;&quot;,&quot;focal_length&quot;:&quot;6.76499986565&quot;,&quot;iso&quot;:&quot;320&quot;,&quot;shutter_speed&quot;:&quot;0.030303030303&quot;,&quot;title&quot;:&quot;&quot;,&quot;orientation&quot;:&quot;1&quot;}\" data-image-title=\"nacvik\" data-image-description=\"\" data-image-caption=\"\" data-medium-file=\"https:\/\/i1.wp.com\/www.satb.sk\/wp-content\/uploads\/2024\/05\/nacvik-scaled.jpg?fit=300%2C225&amp;ssl=1\" data-large-file=\"https:\/\/i1.wp.com\/www.satb.sk\/wp-content\/uploads\/2024\/05\/nacvik-scaled.jpg?fit=837%2C628&amp;ssl=1\" class=\"wp-image-6188\" src=\"https:\/\/i1.wp.com\/www.satb.sk\/wp-content\/uploads\/2024\/05\/nacvik.jpg?resize=809%2C607&#038;ssl=1\" alt=\"\" width=\"809\" height=\"607\" srcset=\"https:\/\/i1.wp.com\/www.satb.sk\/wp-content\/uploads\/2024\/05\/nacvik-scaled.jpg?resize=300%2C225&amp;ssl=1 300w, https:\/\/i1.wp.com\/www.satb.sk\/wp-content\/uploads\/2024\/05\/nacvik-scaled.jpg?resize=1024%2C768&amp;ssl=1 1024w, https:\/\/i1.wp.com\/www.satb.sk\/wp-content\/uploads\/2024\/05\/nacvik-scaled.jpg?resize=768%2C576&amp;ssl=1 768w, https:\/\/i1.wp.com\/www.satb.sk\/wp-content\/uploads\/2024\/05\/nacvik-scaled.jpg?resize=1536%2C1152&amp;ssl=1 1536w, https:\/\/i1.wp.com\/www.satb.sk\/wp-content\/uploads\/2024\/05\/nacvik-scaled.jpg?resize=2048%2C1536&amp;ssl=1 2048w, https:\/\/i1.wp.com\/www.satb.sk\/wp-content\/uploads\/2024\/05\/nacvik-scaled.jpg?resize=600%2C450&amp;ssl=1 600w, https:\/\/i1.wp.com\/www.satb.sk\/wp-content\/uploads\/2024\/05\/nacvik-scaled.jpg?w=1674&amp;ssl=1 1674w, https:\/\/i1.wp.com\/www.satb.sk\/wp-content\/uploads\/2024\/05\/nacvik-scaled.jpg?w=2511&amp;ssl=1 2511w\" sizes=\"(max-width: 809px) 100vw, 809px\" data-recalc-dims=\"1\" \/><figcaption id=\"caption-attachment-6188\" class=\"wp-caption-text\"><em>N\u00e1cvik zborov na sl\u00e1vnostn\u00fd galakoncert. Foto: satb.sk<\/em><\/figcaption><\/figure>\n<h6><em><strong><br \/>\nPrezent\u00e1cia slovenskej zborovej tvorby <\/strong><\/em><\/h6>\n<p>Propoz\u00edcie Ml\u00e1de\u017ee spieva uv\u00e1dzaj\u00fa, \u017ee z\u00fa\u010dastnen\u00e9 zbory do s\u00fa\u0165a\u017en\u00e9ho reperto\u00e1ru musia zaradi\u0165 aspo\u0148 jedno dielo slovensk\u00e9ho autora. Ml\u00e1de\u017e spieva sa tak dlhoro\u010dne st\u00e1va nielen prehliadkou zborov\u00e9ho spevu, ale aj <span style=\"color: #004652;\"><strong>prehliadkou slovenskej tvorby pre spev\u00e1cke zbory od dom\u00e1cich autorov.<\/strong><\/span><\/p>\n<p>V\u00a0dramaturgii zborov kra\u013eovala predov\u0161etk\u00fdm tvorba <span style=\"color: #004652;\"><strong>dirigentky a\u00a0skladate\u013eky M\u00e1rie Ja\u0161urdovej,<\/strong><\/span> ktor\u00e1 u\u017e dlhodobo patr\u00ed k\u00a0vyh\u013ead\u00e1van\u00fdm skladate\u013ek\u00e1m a\u00a0upravovate\u013ek\u00e1m na poli slovensk\u00e9ho zborov\u00e9ho spevu. Do svojho reperto\u00e1ru aspo\u0148 jednu jej skladbu zaradila polovica (p\u00e4\u0165) z\u00fa\u010dastnen\u00fdch spev\u00e1ckych zborov.<\/p>\n<p>Na s\u00fa\u0165a\u017ei zaznela aj ve\u013emi vydaren\u00e1 premi\u00e9ra cyklu <strong><em><span style=\"color: #004652;\">Letela p\u00e1va pre detsk\u00fd zbor<\/span><\/em><span style=\"color: #004652;\"> od talentovanej dirigentky a\u00a0za\u010d\u00ednaj\u00facej skladate\u013eky Andrei Bo\u0161e\u013ea<\/span><\/strong><span style=\"color: #004652;\">.<\/span> Skladbu interpretoval DSZ V\u00e1\u017eka z\u00a0Tren\u010d\u00edna pod veden\u00edm Miroslavy Kali\u0148\u00e1kovej. Origin\u00e1lna bola aj skladba <span style=\"color: #004652;\"><strong><em>La vita<\/em> od slovensk\u00e9ho hudobn\u00edka Filipa Urdu<\/strong>,<\/span> ktor\u00fa zaradil do svojho s\u00fa\u0165a\u017en\u00e9ho reperto\u00e1ru Detsk\u00fd spev\u00e1cky zbor Voce Eufonico z\u00a0Banskej Bystrice.<\/p>\n<p>Slovensk\u00fa tvorbu \u010falej zastupovali aj \u0161tandardn\u00e9 men\u00e1 slovenskej (nielen) zborovej tvorby ako Ondrej Francisci, Ladislav Burlas, \u010di \u013dubo\u0161 Bern\u00e1th. Okrem slovensk\u00fdch skladieb mohli posluch\u00e1\u010di po\u010du\u0165 aj diela od Karola Ruppeldta, Ter\u00e9zie Sta\u0148kovej, Piotra Janczaka, Petra Liondeva, Lisy Young, Roberta Petrosyana, Karla Jenkinsa a in\u00fdch skladate\u013eov. Do hudobnej dramaturgie Ml\u00e1de\u017ee spieva v\u00fdznamn\u00fdm sp\u00f4sobom prispeli aj spev\u00e1cke zbory zo \u0161k\u00f4l s ma\u010farsk\u00fdm vyu\u010dovac\u00edm jazykom, ktor\u00e9 pravidelne prin\u00e1\u0161aj\u00fa zauj\u00edmav\u00fd ma\u010farsk\u00fd reperto\u00e1r (B\u00e1rdos, Kosc\u00e1r, K\u00e1rai, Szokolay a i.).<\/p>\n<p>&nbsp;<\/p>\n<h4><span style=\"color: #004652;\"><strong>ML\u00c1DE\u017d SPIEVA 2024 \u2013 V\u00ddSLEDKY S\u00da\u0164A\u017dE<\/strong><\/span><\/h4>\n<p><strong><span style=\"color: #004652;\"><u>ML\u00c1DE\u017dN\u00cdCKE SPEV\u00c1CKE ZBORY:<\/u><\/span><br \/>\nZlat\u00e9 p\u00e1smo<br \/>\n<\/strong>MSZ Young Voices, Humenn\u00e9 v\u00a0kateg\u00f3rii Ml\u00e1de\u017en\u00edcke spev\u00e1cke zbory (dir. Zuzana Dirb\u00e1kov\u00e1)<br \/>\n<em>&#8211; titul absol\u00fatneho v\u00ed\u0165aza v\u00a0kateg\u00f3rii Ml\u00e1de\u017en\u00edcke spev\u00e1cke zbory<\/em><\/p>\n<p>DSZ pri Gymn\u00e1ziu a\u00a0Z\u0160 S\u00e1ndora M\u00e1raioho s\u00a0VJM, Ko\u0161ice (dir. Andrea Ferencei, Szilvia Keke\u0148\u00e1k)<\/p>\n<p><strong>Bronzov\u00e9 p\u00e1smo<br \/>\n<\/strong>MSZ Evanjelick\u00e9ho gymn\u00e1zia, Bansk\u00e1 Bystrica (dir. Peter Bibza)<\/p>\n<p>&nbsp;<\/p>\n<p><span style=\"color: #004652;\"><strong><u>DETSK\u00c9 SPEV\u00c1CKE ZBORY:<br \/>\n<\/u><\/strong><\/span><strong>Zlat\u00e9 p\u00e1smo<br \/>\n<\/strong>SDZ Zvon\u010dek, Ko\u0161ice (dir. Andrea Ferencei, Szilvia Keke\u0148\u00e1k)<br \/>\n<em>&#8211; titul absol\u00fatneho v\u00ed\u0165aza v\u00a0kateg\u00f3rii Detsk\u00e9 spev\u00e1cke zbory<\/em><\/p>\n<p>DSZ BRIOSO, \u017dilina (dir. Monika Ba\u017e\u00edkov\u00e1)<\/p>\n<p>DSZ Margar\u00e9tka (dir. Peter Rezn\u00edk)<\/p>\n<p>&nbsp;<\/p>\n<p><strong>Strieborn\u00e9 p\u00e1smo \u2013 Detsk\u00e9 spev\u00e1cke zbory<br \/>\n<\/strong>DSZ V\u00e1\u017eky, Tren\u010d\u00edn (dir. Miroslava Kali\u0148\u00e1kov\u00e1)<\/p>\n<p>DSZ Voce Eufonico, Nov\u00e1 Ba\u0148a (dir. Margar\u00e9ta \u017d\u0148avov\u00e1)<\/p>\n<p>DSZ \u201eve\u013ek\u00fdch\u201c Schola Mariana, Kom\u00e1rno (dir. Yvette Orsovics)<\/p>\n<p>DSZ Janiga J\u00f3zsef M\u0171v\u00e9szeti Alapiskola Gyermekkara, Ve\u013ek\u00fd Meder (dir. Yvette Orsovics)<\/p>\n<p>&nbsp;<\/p>\n<p><span style=\"color: #004652;\"><strong><u>\u0160PECI\u00c1LNE CENY:<br \/>\n<\/u><\/strong><\/span><strong>Cena Hudobn\u00e9ho fondu za interpret\u00e1ciu skladby slovensk\u00e9ho autora: <\/strong>DSZ Margar\u00e9tka, Bratislava (dir. Peter Rezn\u00edk)<\/p>\n<p><strong>Cena predsedn\u00ed\u010dky poroty za interpret\u00e1ciu skladby skladby Alejandro D. Consolacion II &#8211; Cantate Domino:<\/strong> DSZ BRIOSO, \u017dilina (dir. Monika Ba\u017e\u00edkov\u00e1)<\/p>\n<p><strong>Cena prim\u00e1torky mesta Prievidza za dramaturgiu s\u00fa\u0165a\u017en\u00e9ho reperto\u00e1ru:<\/strong> MSZ Young Voices, Humenn\u00e9 (dir. Zuzana Dirb\u00e1kov\u00e1)<\/p>\n<p><strong>Cena riadite\u013ea ZU\u0160 L. Stan\u010deka v Prievidzi za hlasov\u00fa kult\u00faru:<\/strong> DSZ Zvon\u010dek, Ko\u0161ice (dir. Andrea Ferencei, Szilvia Keke\u0148\u00e1k)<\/p>\n<p><strong>Cena riadite\u013eky Region\u00e1lneho kult\u00farneho centra v Prievidzi za interpret\u00e1ciu skladby Mikl\u00f3s Kocs\u00e1r &#8211; Maria Mater Gratiae:<\/strong> DSZ pri Gymn\u00e1ziu a Z\u0160 S\u00e1ndora M\u00e1raioho s VJM, Ko\u0161ice (dir. Andrea Ferencei, Szilvia Keke\u0148\u00e1k)<\/p>\n<p>Ml\u00e1de\u017e spieva patr\u00ed u\u017e polstoro\u010die medzi najv\u00fdznamnej\u0161ie podujatia v oblasti zborov\u00e9ho spevu na Slovensku. Cie\u013eom tohto podujatia je vytv\u00e1ra\u0165 pre spev\u00e1cke zbory priestor na prezent\u00e1ciu a sebarealiz\u00e1ciu a z\u00e1rove\u0148 podnecova\u0165 deti a ml\u00e1de\u017e k uchov\u00e1vaniu spevnosti. Vyhlasovate\u013eom, odborn\u00fdm garantom a hlavn\u00fdm finan\u010dn\u00fdm partnerom je N\u00e1rodn\u00e9 osvetov\u00e9 centrum. Hlavn\u00fdm organiz\u00e1torom podujatia je Region\u00e1lne kult\u00farne centrum v\u00a0Prievidzi. Podujatie podporili N\u00e1rodn\u00e9 osvetov\u00e9 centrum, Ministerstvo \u0161kolstva, vedy, v\u00fdskumu a\u00a0\u0161portu a\u00a0Hudobn\u00fd fond. Z\u00e1\u0161titu nad podujat\u00edm prevzala prim\u00e1torka mesta Prievidza JUDr. Katar\u00edna Mach\u00e1\u010dkov\u00e1.<\/p>\n<p>&nbsp;<\/p>\n<p>Pripravil: <em>satb.sk<\/em><br \/>\nFoto: <em>satb.sk<\/em><\/p>\n","protected":false},"excerpt":{"rendered":"<p>Pozn\u00e1me v\u00ed\u0165azov celo\u0161t\u00e1tnej s\u00fa\u0165a\u017ee a prehliadky Ml\u00e1de\u017e spieva 2024.<\/p>\n","protected":false},"author":1,"featured_media":6187,"comment_status":"closed","ping_status":"closed","sticky":false,"template":"","format":"standard","meta":{"om_disable_all_campaigns":false,"_monsterinsights_skip_tracking":false,"_monsterinsights_sitenote_active":false,"_monsterinsights_sitenote_note":"","_monsterinsights_sitenote_category":0,"spay_email":"","footnotes":"","jetpack_publicize_message":"","jetpack_is_tweetstorm":false},"categories":[49,22],"tags":[38],"class_list":["post-6180","post","type-post","status-publish","format-standard","has-post-thumbnail","hentry","category-aktualne","category-podujatia","tag-mladez-spieva"],"aioseo_notices":[],"jetpack_featured_media_url":"https:\/\/i0.wp.com\/www.satb.sk\/wp-content\/uploads\/2024\/05\/IMG_0433-scaled.jpg?fit=2560%2C1920&ssl=1","jetpack_publicize_connections":[],"jetpack_sharing_enabled":true,"jetpack_shortlink":"https:\/\/wp.me\/pav5wC-1BG","jetpack-related-posts":[{"id":6115,"url":"https:\/\/www.satb.sk\/index.php\/2022\/01\/26\/pozname-terminy-mladez-spieva\/","url_meta":{"origin":6180,"position":0},"title":"Spojen\u00e9 ro\u010dn\u00edky a bez povinnej skladby. Pozn\u00e1me term\u00edny Ml\u00e1de\u017e spieva","date":"26 janu\u00e1ra, 2022","format":false,"excerpt":"Najstar\u0161ie zborov\u00e9 podujatie na Slovensku sa bude kona\u0165 aj napriek pand\u00e9mii.\u00a0 Po pandemickej odmlke sa pomaly vracaj\u00fa do kult\u00farneho \u017eivota aj podujatia pre spev\u00e1cke zbory. Tento rok sa uskuto\u010dn\u00ed 51. ro\u010dn\u00edk Celo\u0161t\u00e1tnej postupovej s\u00fa\u0165a\u017ee a prehliadky detsk\u00fdch a ml\u00e1de\u017en\u00edckych spev\u00e1ckych zborov Ml\u00e1de\u017e spieva 2022. Ml\u00e1de\u017e spieva patr\u00ed k vrcholn\u00fdm podujatiam\u2026","rel":"","context":"V &quot;AKTU\u00c1LNE&quot;","img":{"alt_text":"","src":"https:\/\/i0.wp.com\/www.satb.sk\/wp-content\/uploads\/2022\/01\/61852989_2298332020419336_8870836856296570880_n.jpeg?fit=1200%2C800&ssl=1&resize=350%2C200","width":350,"height":200},"classes":[]},{"id":692,"url":"https:\/\/www.satb.sk\/index.php\/2019\/01\/21\/podujatie-mladez-spieva-zverejnilo-propozicie\/","url_meta":{"origin":6180,"position":1},"title":"Podujatie Ml\u00e1de\u017e spieva zverejnilo propoz\u00edcie","date":"21 janu\u00e1ra, 2019","format":false,"excerpt":"Najstar\u0161ia postupov\u00e1 s\u00fa\u0165a\u017e a prehliadka v oblasti zborov\u00e9ho spevu na Slovensku zverejnila podmienky, na z\u00e1klade ktor\u00fdch sa m\u00f4\u017eu prihl\u00e1si\u0165 detsk\u00e9 spev\u00e1cke zbory do krajsk\u00fdch k\u00f4l s\u00fa\u0165a\u017ee. Podujatie Ml\u00e1de\u017e spieva je na zborovej sc\u00e9ne u\u017e od roku 1969 a tento rok sa pripravuje na oslavu svojho p\u00e4\u0165desiateho v\u00fdro\u010dia. S\u00fa\u0165a\u017en\u00e1 prehliadka bola\u2026","rel":"","context":"V &quot;PODUJATIA&quot;","img":{"alt_text":"","src":"https:\/\/i2.wp.com\/www.satb.sk\/wp-content\/uploads\/2019\/01\/19621074_252383868500134_2984842279771165822_o.jpg?fit=1200%2C900&ssl=1&resize=350%2C200","width":350,"height":200},"classes":[]},{"id":4101,"url":"https:\/\/www.satb.sk\/index.php\/2019\/06\/03\/mladez-spieva-oslavila-50-vyrocie\/","url_meta":{"origin":6180,"position":2},"title":"Ml\u00e1de\u017e spieva osl\u00e1vila 50. v\u00fdro\u010die","date":"3 j\u00fana, 2019","format":false,"excerpt":"V Prievidzi sa konal jubilejn\u00fd ro\u010dn\u00edk najstar\u0161ej postupovej prehliadky v zborovom speve na Slovensku. Zv\u00ed\u0165azili v\u0161etky spev\u00e1cke zbory. \u00a0 Celo\u0161t\u00e1tna postupov\u00e1 s\u00fa\u0165a\u017e a prehliadka detsk\u00fdch spev\u00e1ckych zborov Ml\u00e1de\u017e spieva osl\u00e1vila minul\u00fd t\u00fd\u017ede\u0148 50. v\u00fdro\u010die svojho vzniku.Tento rok s\u00fa\u0165a\u017eilo v krajsk\u00fdch kol\u00e1ch 31 detsk\u00fdch spev\u00e1ckych zborov s pribli\u017en\u00fdm po\u010dtom tis\u00edc spev\u00e1kov.\u2026","rel":"","context":"V &quot;AKTU\u00c1LNE&quot;","img":{"alt_text":"","src":"https:\/\/i1.wp.com\/www.satb.sk\/wp-content\/uploads\/2019\/06\/Mla\u0301dez\u030c-spieva.jpg?fit=683%2C317&ssl=1&resize=350%2C200","width":350,"height":200},"classes":[]},{"id":5732,"url":"https:\/\/www.satb.sk\/index.php\/2021\/04\/30\/premiera-aj-napriek-pandemii\/","url_meta":{"origin":6180,"position":3},"title":"Premi\u00e9ra aj napriek pand\u00e9mii","date":"30 apr\u00edla, 2021","format":false,"excerpt":"Vypo\u010dujte si virtu\u00e1lnu premi\u00e9ru v podan\u00ed spev\u00e1ckeho zboru Gaudeamus z\u00a0Pre\u0161ova. Diev\u010densk\u00fd spev\u00e1cky zbor Gaudeamus p\u00f4sob\u00ed v\u00a0Pre\u0161ove v r\u00e1mci Strednej odbornej \u0161koly pedagogickej. Zbor patr\u00ed ku jedn\u00e9mu z\u00a0m\u00e1la stredo\u0161kolsk\u00fdch zborov, ktor\u00e9 na Slovensku e\u0161te m\u00e1me. Tak ako v\u00e4\u010d\u0161ina zborov\u00fdch spev\u00e1kov, aj \u010dlenky zboru Gaudeamus museli kv\u00f4li pand\u00e9mii o\u017eelie\u0165 svoje n\u00e1cviky. Ke\u010f\u017ee\u2026","rel":"","context":"V &quot;AKTU\u00c1LNE&quot;","img":{"alt_text":"","src":"https:\/\/i0.wp.com\/www.satb.sk\/wp-content\/uploads\/2021\/04\/180344554_10219820383640561_982615669234692018_n-e1619788080274.jpeg?fit=883%2C571&ssl=1&resize=350%2C200","width":350,"height":200},"classes":[]},{"id":2505,"url":"https:\/\/www.satb.sk\/index.php\/2019\/02\/11\/festival-akademicka-banska-bystrica\/","url_meta":{"origin":6180,"position":4},"title":"Festival Akademick\u00e1 Bansk\u00e1 Bystrica","date":"11 febru\u00e1ra, 2019","format":false,"excerpt":"Po podujat\u00ed\u00a0Ml\u00e1de\u017e spieva a po\u00a0Vranovsk\u00fdch zborov\u00fdch sl\u00e1vnostiach zverejnili s\u00fa\u0165a\u017en\u00e9 propoz\u00edcie aj organiz\u00e1tori \u010fal\u0161ieho zborov\u00e9ho festivalu na Slovensku. Po dvoch rokoch sa n\u00e1m znovu vracia medzin\u00e1rodn\u00fd s\u00fa\u0165a\u017en\u00fd festival Akademick\u00e1 Bansk\u00e1 Bystrica. Toto podujatie m\u00e1 dvojro\u010dn\u00fa periodicitu a u\u017e osemn\u00e1s\u0165 rokov sa te\u0161\u00ed ob\u013eube u dom\u00e1cich, ale i u zahrani\u010dn\u00fdch spev\u00e1ckych zborov.\u2026","rel":"","context":"V &quot;AKTU\u00c1LNE&quot;","img":{"alt_text":"","src":"https:\/\/i2.wp.com\/www.satb.sk\/wp-content\/uploads\/2019\/02\/siteIcon-4829.jpg?fit=570%2C388&ssl=1&resize=350%2C200","width":350,"height":200},"classes":[]},{"id":3958,"url":"https:\/\/www.satb.sk\/index.php\/2019\/04\/14\/zucastnite-sa-podujatia-viva-il-canto\/","url_meta":{"origin":6180,"position":5},"title":"Z\u00fa\u010dastnite sa podujatia Viva il canto","date":"14 apr\u00edla, 2019","format":false,"excerpt":"Po dvoch rokoch sa znovu m\u00f4\u017eete prihl\u00e1si\u0165 na Celo\u0161t\u00e1tnu s\u00fa\u0165a\u017e a prehliadku pre dospel\u00e9 spev\u00e1cke zbory.\u00a0 Podujatie Viva il canto\u00a0je na zborovej sc\u00e9ne pomerne kr\u00e1tko (od roku 2013), no napriek tomu si toto podujatie ob\u013e\u00fabilo viacero spev\u00e1ckych zborov na Slovensku. Viva il canto je v s\u00fa\u010dasnosti jedinou postupovou s\u00fa\u0165a\u017enou prehliadkou\u2026","rel":"","context":"V &quot;PODUJATIA&quot;","img":{"alt_text":"","src":"https:\/\/i1.wp.com\/www.satb.sk\/wp-content\/uploads\/2019\/04\/0041-947x629.jpg?fit=947%2C629&ssl=1&resize=350%2C200","width":350,"height":200},"classes":[]}],"_links":{"self":[{"href":"https:\/\/www.satb.sk\/index.php\/wp-json\/wp\/v2\/posts\/6180"}],"collection":[{"href":"https:\/\/www.satb.sk\/index.php\/wp-json\/wp\/v2\/posts"}],"about":[{"href":"https:\/\/www.satb.sk\/index.php\/wp-json\/wp\/v2\/types\/post"}],"author":[{"embeddable":true,"href":"https:\/\/www.satb.sk\/index.php\/wp-json\/wp\/v2\/users\/1"}],"replies":[{"embeddable":true,"href":"https:\/\/www.satb.sk\/index.php\/wp-json\/wp\/v2\/comments?post=6180"}],"version-history":[{"count":22,"href":"https:\/\/www.satb.sk\/index.php\/wp-json\/wp\/v2\/posts\/6180\/revisions"}],"predecessor-version":[{"id":6210,"href":"https:\/\/www.satb.sk\/index.php\/wp-json\/wp\/v2\/posts\/6180\/revisions\/6210"}],"wp:featuredmedia":[{"embeddable":true,"href":"https:\/\/www.satb.sk\/index.php\/wp-json\/wp\/v2\/media\/6187"}],"wp:attachment":[{"href":"https:\/\/www.satb.sk\/index.php\/wp-json\/wp\/v2\/media?parent=6180"}],"wp:term":[{"taxonomy":"category","embeddable":true,"href":"https:\/\/www.satb.sk\/index.php\/wp-json\/wp\/v2\/categories?post=6180"},{"taxonomy":"post_tag","embeddable":true,"href":"https:\/\/www.satb.sk\/index.php\/wp-json\/wp\/v2\/tags?post=6180"}],"curies":[{"name":"wp","href":"https:\/\/api.w.org\/{rel}","templated":true}]}}