{"id":6214,"date":"2024-08-07T23:52:39","date_gmt":"2024-08-07T23:52:39","guid":{"rendered":"https:\/\/www.satb.sk\/?p=6214"},"modified":"2024-08-08T00:07:48","modified_gmt":"2024-08-08T00:07:48","slug":"dostanme-spolocne-slovensko-na-zborovu-mapu-europy","status":"publish","type":"post","link":"https:\/\/www.satb.sk\/index.php\/2024\/08\/07\/dostanme-spolocne-slovensko-na-zborovu-mapu-europy\/","title":{"rendered":"Dosta\u0148me spolo\u010dne Slovensko na zborov\u00fa mapu Eur\u00f3py"},"content":{"rendered":"<h5><strong><em>S\u010d\u00edtanie slovensk\u00fdch zborov a zborov\u00fdch spev\u00e1kov.<\/em><\/strong><\/h5>\n<p><!--more--><\/p>\n<p>V\u00a0rokoch 2013 &#8211; 2015 sa Eur\u00f3pska zborov\u00e1 asoci\u00e1cia (ECA \u2013 The European Choral Association) podujala na realiz\u00e1ciu pilotnej \u0161t\u00fadie o\u00a0zborovom spievan\u00ed v\u00a0Eur\u00f3pe. V\u00a0r\u00e1mci projektu \u201eSinging Europe\u201c (Spievaj\u00faca Eur\u00f3pa) ECA rozposlala dotazn\u00edk o\u00a0kolekt\u00edvnom spievan\u00ed po viac ako 40-tich eur\u00f3pskych krajin\u00e1ch.<\/p>\n<p>V\u00fdsledky tejto \u0161t\u00fadie boli ve\u013emi povzbudiv\u00e9. V\u010faka nej sa zistilo, \u017ee v\u00a0celej Eur\u00f3pe je viac ako 37 mili\u00f3nov \u013eud\u00ed, ktor\u00ed sa akt\u00edvne zap\u00e1jaj\u00fa do kolekt\u00edvneho spievania, vr\u00e1tane spev\u00e1kov, dirigentov, tvorcov\/skladate\u013eov, pedag\u00f3gov a\u00a0mana\u017e\u00e9rov. V\u00a0Eur\u00f3pe je tak celkovo viac ako <span style=\"color: #3fa7a4;\"><strong>jeden mili\u00f3n spev\u00e1ckych zborov a\u00a0vok\u00e1lnych telies.<\/strong><\/span> (viac inform\u00e1cii na <a href=\"http:\/\/www.singingeurope.org\" target=\"_blank\" rel=\"noopener\">www.singingeurope.org<\/a>).<\/p>\n<h6><em><strong><br \/>\nPr\u00e1zdne miesta na mape<\/strong><\/em><\/h6>\n<p>Tieto \u010d\u00edsla priniesli nov\u00fd poh\u013ead na v\u00fdznam zborov\u00e9ho spevu v Eur\u00f3pe. Z\u00e1rove\u0148 v\u0161ak uk\u00e1zali pr\u00e1zdne miesta v eur\u00f3pskej zborovej mape, preto\u017ee napriek \u00fasiliu z\u00edskala ECA komplexn\u00e9 d\u00e1ta len z dev\u00e4tn\u00e1stich eur\u00f3pskych kraj\u00edn. Slovensko \u017eia\u013e medzi tieto krajiny nepatrilo.<\/p>\n<p>V roku 2024 sa ECA rozhodla <strong>po takmer desiatich rokoch aktualizova\u0165 \u00fadaje tejto \u0161t\u00fadie.<\/strong> S\u00fa\u010das\u0165ou tejto aktualiz\u00e1cie je aj vyplnenie pr\u00e1zdnych miest kraj\u00edn, ktor\u00ed sa nezapojili akt\u00edvne do \u0161t\u00fadie. V r\u00e1mci tejto spolupr\u00e1ce ECA oslovila zria\u010fovate\u013eov zborov\u00e9ho port\u00e1lu SATB.SK a N\u00e1rodn\u00e9 osvetov\u00e9 centrum na spolupr\u00e1cu pri z\u00edskavan\u00ed \u00fadajov. Slovensko tak m\u00e1 unik\u00e1tnu mo\u017enos\u0165 vyplni\u0165 svoje pr\u00e1zdne miesto v medzin\u00e1rodnej zborovej komunite.<\/p>\n<figure id=\"attachment_6215\" aria-describedby=\"caption-attachment-6215\" style=\"width: 659px\" class=\"wp-caption aligncenter\"><img loading=\"lazy\" decoding=\"async\" data-attachment-id=\"6215\" data-permalink=\"https:\/\/www.satb.sk\/index.php\/2024\/08\/07\/dostanme-spolocne-slovensko-na-zborovu-mapu-europy\/singingeurope_map2015_03_18\/\" data-orig-file=\"https:\/\/i2.wp.com\/www.satb.sk\/wp-content\/uploads\/2024\/08\/singingeurope_map2015_03_18.jpg?fit=1640%2C1136&amp;ssl=1\" data-orig-size=\"1640,1136\" data-comments-opened=\"0\" data-image-meta=\"{&quot;aperture&quot;:&quot;0&quot;,&quot;credit&quot;:&quot;&quot;,&quot;camera&quot;:&quot;&quot;,&quot;caption&quot;:&quot;&quot;,&quot;created_timestamp&quot;:&quot;0&quot;,&quot;copyright&quot;:&quot;&quot;,&quot;focal_length&quot;:&quot;0&quot;,&quot;iso&quot;:&quot;0&quot;,&quot;shutter_speed&quot;:&quot;0&quot;,&quot;title&quot;:&quot;&quot;,&quot;orientation&quot;:&quot;0&quot;}\" data-image-title=\"singingeurope_map2015_03_18\" data-image-description=\"\" data-image-caption=\"\" data-medium-file=\"https:\/\/i2.wp.com\/www.satb.sk\/wp-content\/uploads\/2024\/08\/singingeurope_map2015_03_18.jpg?fit=300%2C208&amp;ssl=1\" data-large-file=\"https:\/\/i2.wp.com\/www.satb.sk\/wp-content\/uploads\/2024\/08\/singingeurope_map2015_03_18.jpg?fit=837%2C580&amp;ssl=1\" class=\"wp-image-6215\" src=\"https:\/\/i2.wp.com\/www.satb.sk\/wp-content\/uploads\/2024\/08\/singingeurope_map2015_03_18.jpg?resize=659%2C457&#038;ssl=1\" alt=\"\" width=\"659\" height=\"457\" srcset=\"https:\/\/i2.wp.com\/www.satb.sk\/wp-content\/uploads\/2024\/08\/singingeurope_map2015_03_18.jpg?resize=300%2C208&amp;ssl=1 300w, https:\/\/i2.wp.com\/www.satb.sk\/wp-content\/uploads\/2024\/08\/singingeurope_map2015_03_18.jpg?resize=1024%2C709&amp;ssl=1 1024w, https:\/\/i2.wp.com\/www.satb.sk\/wp-content\/uploads\/2024\/08\/singingeurope_map2015_03_18.jpg?resize=768%2C532&amp;ssl=1 768w, https:\/\/i2.wp.com\/www.satb.sk\/wp-content\/uploads\/2024\/08\/singingeurope_map2015_03_18.jpg?resize=1536%2C1064&amp;ssl=1 1536w, https:\/\/i2.wp.com\/www.satb.sk\/wp-content\/uploads\/2024\/08\/singingeurope_map2015_03_18.jpg?resize=600%2C416&amp;ssl=1 600w, https:\/\/i2.wp.com\/www.satb.sk\/wp-content\/uploads\/2024\/08\/singingeurope_map2015_03_18.jpg?w=1640&amp;ssl=1 1640w\" sizes=\"(max-width: 659px) 100vw, 659px\" data-recalc-dims=\"1\" \/><figcaption id=\"caption-attachment-6215\" class=\"wp-caption-text\"><em>Na obr\u00e1zku je mapa z\u00fa\u010dastnen\u00fdch kraj\u00edn v r\u00e1mci \u0161t\u00fadie &#8220;Singing Europe&#8221;. \u010c\u00edsla v krajin\u00e1ch vyjadruj\u00fa percentu\u00e1lne zast\u00fapenie obyvate\u013estva krajiny, ktor\u00e9 sa akt\u00edvne zap\u00e1ja do kolekt\u00edvneho spievania. Zdroj: www.singingeurope.org<\/em><\/figcaption><\/figure>\n<h6><\/h6>\n<h6><strong><em>S\u010d\u00edtanie spev\u00e1ckych zborov a\u00a0vok\u00e1lnych telies na Slovensku<\/em><\/strong><\/h6>\n<p>Po vzore \u0161t\u00fadie \u201eSinging Europe\u201c vytvorila ECA v spolupr\u00e1ci s port\u00e1lom SATB.SK \u0161peci\u00e1lny formul\u00e1r <span style=\"text-decoration: underline;\"><a href=\"https:\/\/satb-sk.limesurvey.net\/968112?lang=sk\" target=\"_blank\" rel=\"noopener\"><strong>&#8220;Ko\u013eko hlasov m\u00e1 Slovensko\u201c<\/strong><\/a>.<\/span> V\u010faka formul\u00e1ru m\u00f4\u017eeme zrealizova\u0165 tzv. s\u010d\u00edtanie spev\u00e1ckych zborov a vok\u00e1lnych telies na Slovensku, \u010d\u00edm sa n\u00e1m podar\u00ed doplni\u0165 \u00fadaje do celoeur\u00f3pskej \u0161t\u00fadie. Formul\u00e1r bol pred zverejnen\u00edm konzultovan\u00fd s viacer\u00fdmi slovensk\u00fdmi zbormajstrami.<\/p>\n<p><a href=\"https:\/\/satb-sk.limesurvey.net\/968112?lang=sk\" target=\"_blank\" rel=\"noopener\"><img loading=\"lazy\" decoding=\"async\" data-attachment-id=\"6218\" data-permalink=\"https:\/\/www.satb.sk\/index.php\/2024\/08\/07\/dostanme-spolocne-slovensko-na-zborovu-mapu-europy\/tlacidlo-kolko-hlasov-2\/\" data-orig-file=\"https:\/\/i2.wp.com\/www.satb.sk\/wp-content\/uploads\/2024\/08\/Tlacidlo-Kolko-hlasov-1.png?fit=1820%2C225&amp;ssl=1\" data-orig-size=\"1820,225\" data-comments-opened=\"0\" data-image-meta=\"{&quot;aperture&quot;:&quot;0&quot;,&quot;credit&quot;:&quot;&quot;,&quot;camera&quot;:&quot;&quot;,&quot;caption&quot;:&quot;&quot;,&quot;created_timestamp&quot;:&quot;0&quot;,&quot;copyright&quot;:&quot;&quot;,&quot;focal_length&quot;:&quot;0&quot;,&quot;iso&quot;:&quot;0&quot;,&quot;shutter_speed&quot;:&quot;0&quot;,&quot;title&quot;:&quot;&quot;,&quot;orientation&quot;:&quot;0&quot;}\" data-image-title=\"Tla\u010didlo &#8211; Kolko hlasov\" data-image-description=\"\" data-image-caption=\"\" data-medium-file=\"https:\/\/i2.wp.com\/www.satb.sk\/wp-content\/uploads\/2024\/08\/Tlacidlo-Kolko-hlasov-1.png?fit=300%2C37&amp;ssl=1\" data-large-file=\"https:\/\/i2.wp.com\/www.satb.sk\/wp-content\/uploads\/2024\/08\/Tlacidlo-Kolko-hlasov-1.png?fit=837%2C104&amp;ssl=1\" class=\"aligncenter wp-image-6218\" src=\"https:\/\/i2.wp.com\/www.satb.sk\/wp-content\/uploads\/2024\/08\/Tlacidlo-Kolko-hlasov-1.png?resize=381%2C47&#038;ssl=1\" alt=\"\" width=\"381\" height=\"47\" srcset=\"https:\/\/i2.wp.com\/www.satb.sk\/wp-content\/uploads\/2024\/08\/Tlacidlo-Kolko-hlasov-1.png?resize=300%2C37&amp;ssl=1 300w, https:\/\/i2.wp.com\/www.satb.sk\/wp-content\/uploads\/2024\/08\/Tlacidlo-Kolko-hlasov-1.png?resize=1024%2C127&amp;ssl=1 1024w, https:\/\/i2.wp.com\/www.satb.sk\/wp-content\/uploads\/2024\/08\/Tlacidlo-Kolko-hlasov-1.png?resize=768%2C95&amp;ssl=1 768w, https:\/\/i2.wp.com\/www.satb.sk\/wp-content\/uploads\/2024\/08\/Tlacidlo-Kolko-hlasov-1.png?resize=1536%2C190&amp;ssl=1 1536w, https:\/\/i2.wp.com\/www.satb.sk\/wp-content\/uploads\/2024\/08\/Tlacidlo-Kolko-hlasov-1.png?resize=600%2C74&amp;ssl=1 600w, https:\/\/i2.wp.com\/www.satb.sk\/wp-content\/uploads\/2024\/08\/Tlacidlo-Kolko-hlasov-1.png?w=1820&amp;ssl=1 1820w, https:\/\/i2.wp.com\/www.satb.sk\/wp-content\/uploads\/2024\/08\/Tlacidlo-Kolko-hlasov-1.png?w=1674&amp;ssl=1 1674w\" sizes=\"(max-width: 381px) 100vw, 381px\" data-recalc-dims=\"1\" \/><\/a><\/p>\n<h6><em><strong><br \/>\nPre koho je formul\u00e1r ur\u010den\u00fd?<\/strong> <\/em><\/h6>\n<p><span style=\"color: #3fa7a4;\"><strong><a href=\"https:\/\/satb-sk.limesurvey.net\/968112?lang=sk\" target=\"_blank\" rel=\"noopener\"><span style=\"text-decoration: underline;\">Formul\u00e1r<\/span><\/a> je ur\u010den\u00fd pre v\u0161etky spev\u00e1cke zbory a vok\u00e1lne teles\u00e1 na Slovensku. <\/strong><\/span>To znamen\u00e1 je ur\u010den\u00fd tak pre profesion\u00e1lne, ako aj pre neprofesion\u00e1lne teles\u00e1. Je ur\u010den\u00fd pre ve\u013ek\u00e9 spev\u00e1cke zbory, ale aj pre mal\u00e9 vok\u00e1lne zoskupenia. Je pre zbory, ktor\u00e9 nacvi\u010duj\u00fa pravidelne ka\u017ed\u00fd t\u00fd\u017ede\u0148, ale z\u00e1rove\u0148 aj pre teles\u00e1, ktor\u00e9 sa stret\u00e1vaj\u00fa len pr\u00edle\u017eitostne. Formul\u00e1r m\u00e1 za cie\u013e podchyti\u0165 aj spev\u00e1cke zbory, \u010di vok\u00e1lne teles\u00e1, ktor\u00e9 p\u00f4sobia v r\u00e1mci r\u00f4znych in\u0161tit\u00faci\u00ed a organiz\u00e1cii ako s\u00fa \u0161koly, \u010di cirkv\u00ed. Preto je formul\u00e1r ur\u010den\u00fd aj pre \u0161kolsk\u00e9, \u010di cirkevn\u00e9, resp. chr\u00e1mov\u00e9 spev\u00e1cke zbory.<\/p>\n<h6><strong><em>Ak\u00e9 ot\u00e1zky s\u00fa vo formul\u00e1ri?<\/em><\/strong><\/h6>\n<p>Formul\u00e1r obsahuje pribli\u017ene 22 ot\u00e1zok, ktor\u00e9 sa t\u00fdkaj\u00fa z\u00e1kladn\u00fdch inform\u00e1ci\u00ed o spev\u00e1ckych zboroch ako napr. meno dirigenta, druh spev\u00e1ckeho zboru, miesto p\u00f4sobenia a pod. Z\u00e1rove\u0148 <a href=\"https:\/\/satb-sk.limesurvey.net\/968112?lang=sk\" target=\"_blank\" rel=\"noopener\"><span style=\"text-decoration: underline;\">formul\u00e1r<\/span><\/a> zah\u0155\u0148a aj ot\u00e1zky t\u00fdkaj\u00face sa aktiv\u00edt a \u010dinnosti zboru, t.j. po\u010det sk\u00fa\u0161ok, priemern\u00fd vek \u010dlenov, \u010di po\u010det vyst\u00fapen\u00ed za rok. Vyplnenie formul\u00e1ru zaberie 5 \u2013 10 min\u00fat.<\/p>\n<h6><strong><em>Kto m\u00f4\u017ee formul\u00e1r vyplni\u0165?<\/em><\/strong><\/h6>\n<p>Formul\u00e1r m\u00f4\u017ee vyplni\u0165 dirigent, mana\u017e\u00e9r, \u010dlen spev\u00e1ckeho zboru alebo in\u00e1 osoba sp\u00e4t\u00e1 s fungovan\u00edm spev\u00e1ckeho zboru, \u010di vok\u00e1lneho telesa. <span style=\"color: #3fa7a4;\"><strong>Odpor\u00fa\u010dame v\u0161ak, aby dotazn\u00edk vyplnil prednostne dirigent alebo mana\u017e\u00e9r zboru.\u00a0<\/strong><\/span><\/p>\n<p><a href=\"https:\/\/satb-sk.limesurvey.net\/968112?lang=sk\" target=\"_blank\" rel=\"noopener\"><img loading=\"lazy\" decoding=\"async\" data-attachment-id=\"6218\" data-permalink=\"https:\/\/www.satb.sk\/index.php\/2024\/08\/07\/dostanme-spolocne-slovensko-na-zborovu-mapu-europy\/tlacidlo-kolko-hlasov-2\/\" data-orig-file=\"https:\/\/i2.wp.com\/www.satb.sk\/wp-content\/uploads\/2024\/08\/Tlacidlo-Kolko-hlasov-1.png?fit=1820%2C225&amp;ssl=1\" data-orig-size=\"1820,225\" data-comments-opened=\"0\" data-image-meta=\"{&quot;aperture&quot;:&quot;0&quot;,&quot;credit&quot;:&quot;&quot;,&quot;camera&quot;:&quot;&quot;,&quot;caption&quot;:&quot;&quot;,&quot;created_timestamp&quot;:&quot;0&quot;,&quot;copyright&quot;:&quot;&quot;,&quot;focal_length&quot;:&quot;0&quot;,&quot;iso&quot;:&quot;0&quot;,&quot;shutter_speed&quot;:&quot;0&quot;,&quot;title&quot;:&quot;&quot;,&quot;orientation&quot;:&quot;0&quot;}\" data-image-title=\"Tla\u010didlo &#8211; Kolko hlasov\" data-image-description=\"\" data-image-caption=\"\" data-medium-file=\"https:\/\/i2.wp.com\/www.satb.sk\/wp-content\/uploads\/2024\/08\/Tlacidlo-Kolko-hlasov-1.png?fit=300%2C37&amp;ssl=1\" data-large-file=\"https:\/\/i2.wp.com\/www.satb.sk\/wp-content\/uploads\/2024\/08\/Tlacidlo-Kolko-hlasov-1.png?fit=837%2C104&amp;ssl=1\" class=\"aligncenter wp-image-6218\" src=\"https:\/\/i2.wp.com\/www.satb.sk\/wp-content\/uploads\/2024\/08\/Tlacidlo-Kolko-hlasov-1.png?resize=381%2C47&#038;ssl=1\" alt=\"\" width=\"381\" height=\"47\" srcset=\"https:\/\/i2.wp.com\/www.satb.sk\/wp-content\/uploads\/2024\/08\/Tlacidlo-Kolko-hlasov-1.png?resize=300%2C37&amp;ssl=1 300w, https:\/\/i2.wp.com\/www.satb.sk\/wp-content\/uploads\/2024\/08\/Tlacidlo-Kolko-hlasov-1.png?resize=1024%2C127&amp;ssl=1 1024w, https:\/\/i2.wp.com\/www.satb.sk\/wp-content\/uploads\/2024\/08\/Tlacidlo-Kolko-hlasov-1.png?resize=768%2C95&amp;ssl=1 768w, https:\/\/i2.wp.com\/www.satb.sk\/wp-content\/uploads\/2024\/08\/Tlacidlo-Kolko-hlasov-1.png?resize=1536%2C190&amp;ssl=1 1536w, https:\/\/i2.wp.com\/www.satb.sk\/wp-content\/uploads\/2024\/08\/Tlacidlo-Kolko-hlasov-1.png?resize=600%2C74&amp;ssl=1 600w, https:\/\/i2.wp.com\/www.satb.sk\/wp-content\/uploads\/2024\/08\/Tlacidlo-Kolko-hlasov-1.png?w=1820&amp;ssl=1 1820w, https:\/\/i2.wp.com\/www.satb.sk\/wp-content\/uploads\/2024\/08\/Tlacidlo-Kolko-hlasov-1.png?w=1674&amp;ssl=1 1674w\" sizes=\"(max-width: 381px) 100vw, 381px\" data-recalc-dims=\"1\" \/><\/a><\/p>\n<h6 style=\"text-align: center;\"><span style=\"text-decoration: underline;\"><strong><span style=\"color: #3fa7a4; text-decoration: underline;\">Formul\u00e1r na s\u010d\u00edtanie spev\u00e1ckych zborov na Slovensku je mo\u017en\u00e9<br \/>\nvyplni\u0165 od 8. augusta do 18. septembra 2024.<\/span> <\/strong><\/span><\/h6>\n<h6><strong><em><br \/>\n\u010co bude v\u00fdsledkom formul\u00e1ra?<\/em><\/strong><\/h6>\n<p>V\u00fdsledkom s\u010d\u00edtania spev\u00e1ckych zborov bude <strong>samostatn\u00e1 \u0161t\u00fadia, ktor\u00e1 zmapuje po\u010det spev\u00e1ckych zborov a\u00a0po\u010det zborov\u00fdch spev\u00e1kov na Slovensku.<\/strong> \u0160t\u00fadia bude zverejnen\u00e1 na webovom port\u00e1li SATB.SK a\u00a0bude tie\u017e zaslan\u00e1 v\u0161etk\u00fdm \u00fa\u010dastn\u00edkom s\u010d\u00edtania.<\/p>\n<p>V\u010faka tejto \u0161t\u00fadii bude ma\u0165 Slovensko po takmer dvadsiatich rokoch aktualizovan\u00e9 inform\u00e1cie o\u00a0stave spev\u00e1ckych zborov a zborov\u00e9ho spievania v\u00a0krajine. Tieto \u00fadaje m\u00f4\u017eu prispie\u0165 k\u00a0uznaniu zborov\u00e9ho spevu ako ku d\u00f4le\u017eitej s\u00fa\u010dasti kult\u00farneho sektoru na Slovensku a\u00a0z\u00e1rove\u0148 m\u00f4\u017eu by\u0165 smerodajn\u00e9 pri prij\u00edman\u00ed rozhodnut\u00ed garantuj\u00facich jeho udr\u017eate\u013en\u00fd rozvoj.<\/p>\n<p>S\u010d\u00edtanie spev\u00e1ckych zborov je vo\u013ene \u0161\u00edrite\u013en\u00e9 v\u00a0r\u00e1mci Slovenska. V pr\u00edpade ak\u00fdchko\u013evek ot\u00e1zok je mo\u017en\u00e9 obr\u00e1ti\u0165 sa na prev\u00e1dzkovate\u013eov port\u00e1lu SATB.SK na adrese <span style=\"color: #3fa7a4;\">info@satb.sk.<\/span><\/p>\n<p>Spievame spolu. Spievame radi.<br \/>\n<em>satb.sK<\/em><\/p>\n<p>Pripravilo: satb.sK<\/p>\n","protected":false},"excerpt":{"rendered":"<p>S\u010d\u00edtanie slovensk\u00fdch zborov a zborov\u00fdch spev\u00e1kov.<\/p>\n","protected":false},"author":1,"featured_media":6220,"comment_status":"closed","ping_status":"closed","sticky":false,"template":"","format":"standard","meta":{"om_disable_all_campaigns":false,"_monsterinsights_skip_tracking":false,"_monsterinsights_sitenote_active":false,"_monsterinsights_sitenote_note":"","_monsterinsights_sitenote_category":0,"spay_email":"","footnotes":"","jetpack_publicize_message":"","jetpack_is_tweetstorm":false},"categories":[49],"tags":[150],"class_list":["post-6214","post","type-post","status-publish","format-standard","has-post-thumbnail","hentry","category-aktualne","tag-kolko-hlasov-ma-slovensko"],"aioseo_notices":[],"jetpack_featured_media_url":"https:\/\/i2.wp.com\/www.satb.sk\/wp-content\/uploads\/2024\/08\/Kolko-hlasov_web-1.png?fit=1400%2C787&ssl=1","jetpack_publicize_connections":[],"jetpack_sharing_enabled":true,"jetpack_shortlink":"https:\/\/wp.me\/pav5wC-1Ce","jetpack-related-posts":[{"id":4556,"url":"https:\/\/www.satb.sk\/index.php\/2019\/10\/25\/pridajte-sa-k-nam\/","url_meta":{"origin":6214,"position":0},"title":"Pridajte sa k n\u00e1m!","date":"25 okt\u00f3bra, 2019","format":false,"excerpt":"Viac ako 300 dirigentov, spev\u00e1kov, u\u010dite\u013eov a hudobn\u00edkov na jednom mieste. Sta\u0148te sa jedn\u00fdm z nich. Slovensko je mal\u00e1 krajina. A preto je d\u00f4le\u017eit\u00e9, aby sme my hudobn\u00edci vz\u00e1jomne o sebe vedeli a sp\u00e1jali sa. Z tohto d\u00f4vodu sme pre v\u00e1s vytvorili \u0161peci\u00e1lnu skupinu na soci\u00e1lnej sieti Facebook s n\u00e1zvom\u2026","rel":"","context":"V &quot;AKTU\u00c1LNE&quot;","img":{"alt_text":"","src":"https:\/\/i1.wp.com\/www.satb.sk\/wp-content\/uploads\/2019\/10\/close-up-music-musical-instrument-164794.jpg?fit=1200%2C800&ssl=1&resize=350%2C200","width":350,"height":200},"classes":[]},{"id":4618,"url":"https:\/\/www.satb.sk\/index.php\/2019\/11\/04\/zlato-i-cena-za-dramaturgiu-slovensky-spevacky-zbor-opat-uspel-v-medzinarodnej-konkurencii\/","url_meta":{"origin":6214,"position":1},"title":"Zlato i cena za dramaturgiu. Slovensk\u00fd spev\u00e1cky zbor op\u00e4\u0165 uspel v medzin\u00e1rodnej konkurencii","date":"4 novembra, 2019","format":false,"excerpt":"Spev\u00e1ci zo zboru Canzona Neosolium\u00a0sa na \u010deskom festivale Praga Cantat 2019 nestratili. Na Slovensko doniesli cenn\u00e9 ocenenia.\u00a0 Medzin\u00e1rodn\u00e1 s\u00fa\u0165a\u017e spev\u00e1ckych zborov Praga Cantat patr\u00ed u\u017e viac ako tri desa\u0165ro\u010dia k najv\u00fdznamnej\u0161\u00edm zborov\u00fdm udalostiam v Prahe. Minul\u00fd t\u00fd\u017ede\u0148 sa od 29. 10. do 3.11. 2019 konal u\u017e jej tridsiaty tret\u00ed ro\u010dn\u00edk.\u2026","rel":"","context":"V &quot;AKTU\u00c1LNE&quot;","img":{"alt_text":"","src":"https:\/\/i2.wp.com\/www.satb.sk\/wp-content\/uploads\/2019\/11\/74462413_3134919649912101_2996656084657111040_n.jpg?fit=960%2C720&ssl=1&resize=350%2C200","width":350,"height":200},"classes":[]},{"id":4283,"url":"https:\/\/www.satb.sk\/index.php\/2019\/07\/22\/ako-sa-najmensi-zbor-dostal-z-neerpeltu-az-do-dalekeho-tokia\/","url_meta":{"origin":6214,"position":2},"title":"Ako\u00a0sa\u00a0najmen\u0161\u00ed\u00a0zbor dostal\u00a0z\u00a0Neerpeltu\u00a0a\u017e do \u010falek\u00e9ho Tokia","date":"22 j\u00fala, 2019","format":false,"excerpt":"Spev\u00e1cky zbor Be Happy sa ned\u00e1vno vr\u00e1til zo zahrani\u010dn\u00e9ho z\u00e1jazdu v Tokiu. O tom ako sa mal\u00fd zbor z P\u00fachova dostal do metropoly Japonska n\u00e1m porozpr\u00e1vala dirigentka zboru M\u00e1ria Ja\u0161urdov\u00e1. \"Be Happy\" je diev\u010densk\u00fd spev\u00e1cky zbor, ktor\u00fd p\u00f4sob\u00ed na Z\u00e1kladnej umeleckej \u0161kole v P\u00fachove. Vediem ho desiaty rok a prin\u00e1\u0161a\u2026","rel":"","context":"V &quot;AKTU\u00c1LNE&quot;","img":{"alt_text":"","src":"https:\/\/i2.wp.com\/www.satb.sk\/wp-content\/uploads\/2019\/07\/2_ambasa\u0301da-po-koncerte.jpg?fit=1200%2C900&ssl=1&resize=350%2C200","width":350,"height":200},"classes":[]},{"id":3834,"url":"https:\/\/www.satb.sk\/index.php\/2019\/03\/25\/john-rutter-politici-vacsinou-nerozumeju-hudbe-a-nerozumeju-dolezitosti-zboroveho-spevu\/","url_meta":{"origin":6214,"position":3},"title":"John Rutter: Politici v\u00e4\u010d\u0161inou nerozumej\u00fa hudbe a nerozumej\u00fa d\u00f4le\u017eitosti zborov\u00e9ho spevu","date":"25 marca, 2019","format":false,"excerpt":"Rozhovor za\u010dal ako prav\u00fd anglick\u00fd gentleman. Ospravedlnil sa, \u017ee nehovor\u00ed po slovensky. To, \u017ee dnes komponuje pre zbory pova\u017euje sk\u00f4r za n\u00e1hodu. No ako s\u00e1m hovor\u00ed, ne\u013eutuje to. Dnes\u00a0jeho skladby spievaj\u00fa spev\u00e1cke zbory po celom svete. Skladate\u013e a dirigent John Rutter.\u00a0 Patr\u00edte ku skladate\u013eom, ktor\u00fd m\u00e1 vo svojej tvorbe zast\u00fapen\u00e9\u2026","rel":"","context":"V &quot;AKTU\u00c1LNE&quot;","img":{"alt_text":"","src":"https:\/\/i1.wp.com\/www.satb.sk\/wp-content\/uploads\/2019\/03\/JR-casual-by-piano.jpg?fit=1200%2C800&ssl=1&resize=350%2C200","width":350,"height":200},"classes":[]},{"id":4503,"url":"https:\/\/www.satb.sk\/index.php\/2019\/10\/21\/v-bratislave-sa-stretnu-najlepsi-neprofesionalni-umelci\/","url_meta":{"origin":6214,"position":4},"title":"V Bratislave sa stretn\u00fa najlep\u0161\u00ed neprofesion\u00e1lni umelci","date":"21 okt\u00f3bra, 2019","format":false,"excerpt":"Tento t\u00fd\u017ede\u0148 sa v r\u00e1mci dn\u00ed neprofesion\u00e1lneho umenia bude kona\u0165 multi\u017e\u00e1nrov\u00fd festival\u00a0Tvor\u2022BA.\u00a0 Rados\u0165 z tvorivosti, priestor pre umenie a vz\u00e1jomn\u00e9 in\u0161pir\u00e1cie. Toto v\u0161etko prin\u00e1\u0161a do Bratislavy druh\u00fd ro\u010dn\u00edk festivalu\u00a0Tvor\u2022BA, ktor\u00fd sa uskuto\u010dn\u00ed 24. - 26. okt\u00f3bra. Po\u010das troch dn\u00ed sa v r\u00e1mci festivalu predstavia v\u00ed\u0165azi celo\u0161t\u00e1tnych neprofesion\u00e1lnych s\u00fa\u0165a\u017e\u00ed vyhlasovan\u00fdch N\u00e1rodn\u00fdm\u2026","rel":"","context":"V &quot;AKTU\u00c1LNE&quot;","img":{"alt_text":"","src":"https:\/\/i2.wp.com\/www.satb.sk\/wp-content\/uploads\/2019\/10\/71341046_112669233456699_1305983719445626880_n.png?fit=820%2C310&ssl=1&resize=350%2C200","width":350,"height":200},"classes":[]},{"id":4831,"url":"https:\/\/www.satb.sk\/index.php\/2019\/12\/09\/do-prahy-zavita-jeden-z-najlepsich-popovych-zborov-na-svete\/","url_meta":{"origin":6214,"position":5},"title":"Do Prahy zav\u00edta jeden z najlep\u0161\u00edch popov\u00fdch zborov na svete","date":"9 decembra, 2019","format":false,"excerpt":"V Prahe vyst\u00fapi zn\u00e1my zbor Perpetuum Jazzile. Zabezpe\u010dte si vstupenku u\u017e teraz! Pra\u017esk\u00fd Prague A cappella Festival\u00a0sa rozhodol pozva\u0165 do \u010deskej metropoly zn\u00e1mu vok\u00e1lnu skupina Perpetuum Jazzile.\u00a0Toto teleso patr\u00ed v s\u00fa\u010dasnost\u00ed k celosvetovej \u0161pi\u010dke a cappella zoskupen\u00ed. Do povedomia verejnosti sa dostali predov\u0161etk\u00fdm v\u010faka ich vynikaj\u00facemu prevedeniu popul\u00e1rnej piesne Africa,\u2026","rel":"","context":"V &quot;MAGAZ\u00cdN&quot;","img":{"alt_text":"","src":"https:\/\/i2.wp.com\/www.satb.sk\/wp-content\/uploads\/2019\/12\/77284868_969677970054209_8778601467247329280_o.jpg?fit=960%2C639&ssl=1&resize=350%2C200","width":350,"height":200},"classes":[]}],"_links":{"self":[{"href":"https:\/\/www.satb.sk\/index.php\/wp-json\/wp\/v2\/posts\/6214"}],"collection":[{"href":"https:\/\/www.satb.sk\/index.php\/wp-json\/wp\/v2\/posts"}],"about":[{"href":"https:\/\/www.satb.sk\/index.php\/wp-json\/wp\/v2\/types\/post"}],"author":[{"embeddable":true,"href":"https:\/\/www.satb.sk\/index.php\/wp-json\/wp\/v2\/users\/1"}],"replies":[{"embeddable":true,"href":"https:\/\/www.satb.sk\/index.php\/wp-json\/wp\/v2\/comments?post=6214"}],"version-history":[{"count":10,"href":"https:\/\/www.satb.sk\/index.php\/wp-json\/wp\/v2\/posts\/6214\/revisions"}],"predecessor-version":[{"id":6231,"href":"https:\/\/www.satb.sk\/index.php\/wp-json\/wp\/v2\/posts\/6214\/revisions\/6231"}],"wp:featuredmedia":[{"embeddable":true,"href":"https:\/\/www.satb.sk\/index.php\/wp-json\/wp\/v2\/media\/6220"}],"wp:attachment":[{"href":"https:\/\/www.satb.sk\/index.php\/wp-json\/wp\/v2\/media?parent=6214"}],"wp:term":[{"taxonomy":"category","embeddable":true,"href":"https:\/\/www.satb.sk\/index.php\/wp-json\/wp\/v2\/categories?post=6214"},{"taxonomy":"post_tag","embeddable":true,"href":"https:\/\/www.satb.sk\/index.php\/wp-json\/wp\/v2\/tags?post=6214"}],"curies":[{"name":"wp","href":"https:\/\/api.w.org\/{rel}","templated":true}]}}