{"id":6239,"date":"2025-06-28T08:03:11","date_gmt":"2025-06-28T08:03:11","guid":{"rendered":"https:\/\/www.satb.sk\/?p=6239"},"modified":"2025-06-28T08:28:38","modified_gmt":"2025-06-28T08:28:38","slug":"jaan-eik-tulve-kazda-hudba-musi-byt-najprv-pochopena-samotnymi-interpretmi","status":"publish","type":"post","link":"https:\/\/www.satb.sk\/index.php\/2025\/06\/28\/jaan-eik-tulve-kazda-hudba-musi-byt-najprv-pochopena-samotnymi-interpretmi\/","title":{"rendered":"Jaan-Eik Tulve: Ka\u017ed\u00e1 hudba mus\u00ed by\u0165 najprv pochopen\u00e1 samotn\u00fdmi interpretmi"},"content":{"rendered":"<h6><em><strong>Rozhovor s dirigentom vok\u00e1lneho s\u00faboru Vox Clamantis a \u0161pecialistom na gregori\u00e1nsky chor\u00e1l.<\/strong><\/em><\/h6>\n<p><!--more--><\/p>\n<h6><\/h6>\n<h6><em>U\u017e takmer tri desa\u0165ro\u010dia vedie renomovan\u00fd est\u00f3nsky s\u00fabor Vox Clamantis, zn\u00e1my interpret\u00e1ciou gregori\u00e1nskeho chor\u00e1lu i s\u00fa\u010dasnej hudby. V r\u00e1mci festivalu Viva Musica! vyst\u00fapil v Bratislave s programom venovan\u00fdm 90. narodenin\u00e1m skladate\u013ea Arva P\u00e4rta. Est\u00f3nsky dirigent a pedag\u00f3g Jaan-Eik Tulve v rozhovore pribli\u017euje svoju umeleck\u00fa v\u00edziu, siln\u00e9 prepojenie<br \/>\ns P\u00e4rtovou tvorbou aj to, \u010do m\u00f4\u017ee star\u00e1 hudba prinies\u0165 dne\u0161n\u00e9mu \u010dloveku.<\/em><\/h6>\n<p>&nbsp;<\/p>\n<p><strong>S\u00fabor Vox Clamantis vediete od jeho za\u010diatkov. \u010co v\u00e1s priviedlo k jeho zalo\u017eeniu a \u010do udr\u017eiava va\u0161e prepojenie so s\u00faborom aj po v\u0161etk\u00fdch t\u00fdch rokoch?<\/strong><\/p>\n<p>V 90. rokoch som \u0161tudoval v Par\u00ed\u017ei a n\u00e1sledne som tam zostal e\u0161te nieko\u013eko rokov pracova\u0165 &#8211; dirigoval som Gregori\u00e1nsky zbor v Par\u00ed\u017ei, u\u010dil som na Par\u00ed\u017eskom konzervat\u00f3riu a venoval sa z\u00e1rove\u0148 aj in\u00fdm \u010dinnostiam. No mal som siln\u00fa t\u00fa\u017ebu zalo\u017ei\u0165 vlastn\u00fd vok\u00e1lny s\u00fabor v Est\u00f3nsku, a tak som zalo\u017eil v roku 1996 Vox Clamantis. Spo\u010diatku sme spievali len gregori\u00e1nsky chor\u00e1l a stredovek\u00fa polyf\u00f3niu. Z\u00e1rove\u0148 som oslovil priate\u013eov a rovnako zm\u00fd\u0161\u013eaj\u00facich \u013eud\u00ed, ktor\u00ed u\u017e tento hudobn\u00fd \u017e\u00e1ner poznali, aby sa pripojili k s\u00faboru.<\/p>\n<p><strong style=\"font-size: 14px; letter-spacing: 0px;\">\u010co je hlavnou umeleckou v\u00edziou Vox Clamantis? Ako umelecky pristupujete k nov\u00fdm projektom \u010di koncertom?<br \/>\n<\/strong><\/p>\n<p>V\u00e4\u010d\u0161inou spievame sakr\u00e1lnu hudbu. V\u017edy je pre m\u0148a ve\u013emi d\u00f4le\u017eit\u00e9 hlavne posolstvo hudby a ver\u00edm, \u017ee pr\u00e1ve v tom spo\u010d\u00edvaj\u00fa z\u00e1kladn\u00e9 hodnoty n\u00e1\u0161ho s\u00faboru. Ke\u010f pripravujeme nov\u00fd program, prv\u00fdm krokom je n\u00e1js\u0165 jeho formu a t\u00e9mu, teda identifikova\u0165 k\u013e\u00fa\u010dov\u00e9 prvky, ktor\u00e9 podporuj\u00fa celkov\u00fd koncept. Potom nasleduje v\u00fdber reperto\u00e1ru, kladiem si ot\u00e1zku: \u201eDiela ktor\u00fdch skladate\u013eov by sme mali interpretova\u0165?\u201c V\u017edy sa sna\u017e\u00edm, aby program p\u00f4sobil ucelene &#8211; hudobne aj duchovne.<\/p>\n<figure id=\"attachment_6244\" aria-describedby=\"caption-attachment-6244\" style=\"width: 785px\" class=\"wp-caption alignnone\"><img loading=\"lazy\" decoding=\"async\" data-attachment-id=\"6244\" data-permalink=\"https:\/\/www.satb.sk\/index.php\/2025\/06\/28\/jaan-eik-tulve-kazda-hudba-musi-byt-najprv-pochopena-samotnymi-interpretmi\/vox_clamantis_2024_foto_siim_vahur\/\" data-orig-file=\"https:\/\/i1.wp.com\/www.satb.sk\/wp-content\/uploads\/2025\/06\/Vox_Clamantis_2024_foto_Siim_Vahur-scaled.jpg?fit=2560%2C1707&amp;ssl=1\" data-orig-size=\"2560,1707\" data-comments-opened=\"0\" data-image-meta=\"{&quot;aperture&quot;:&quot;4&quot;,&quot;credit&quot;:&quot;Siim Vahur&quot;,&quot;camera&quot;:&quot;Canon EOS R&quot;,&quot;caption&quot;:&quot;&quot;,&quot;created_timestamp&quot;:&quot;1717521110&quot;,&quot;copyright&quot;:&quot;Siim Vahur&quot;,&quot;focal_length&quot;:&quot;28&quot;,&quot;iso&quot;:&quot;500&quot;,&quot;shutter_speed&quot;:&quot;0.008&quot;,&quot;title&quot;:&quot;&quot;,&quot;orientation&quot;:&quot;1&quot;}\" data-image-title=\"Vox_Clamantis_2024_foto_Siim_Vahur\" data-image-description=\"\" data-image-caption=\"\" data-medium-file=\"https:\/\/i1.wp.com\/www.satb.sk\/wp-content\/uploads\/2025\/06\/Vox_Clamantis_2024_foto_Siim_Vahur-scaled.jpg?fit=300%2C200&amp;ssl=1\" data-large-file=\"https:\/\/i1.wp.com\/www.satb.sk\/wp-content\/uploads\/2025\/06\/Vox_Clamantis_2024_foto_Siim_Vahur-scaled.jpg?fit=837%2C558&amp;ssl=1\" class=\"wp-image-6244\" src=\"https:\/\/i0.wp.com\/www.satb.sk\/wp-content\/uploads\/2025\/06\/Vox_Clamantis_2024_foto_Siim_Vahur.jpg?resize=785%2C523&#038;ssl=1\" alt=\"\" width=\"785\" height=\"523\" srcset=\"https:\/\/i1.wp.com\/www.satb.sk\/wp-content\/uploads\/2025\/06\/Vox_Clamantis_2024_foto_Siim_Vahur-scaled.jpg?resize=300%2C200&amp;ssl=1 300w, https:\/\/i1.wp.com\/www.satb.sk\/wp-content\/uploads\/2025\/06\/Vox_Clamantis_2024_foto_Siim_Vahur-scaled.jpg?resize=1024%2C683&amp;ssl=1 1024w, https:\/\/i1.wp.com\/www.satb.sk\/wp-content\/uploads\/2025\/06\/Vox_Clamantis_2024_foto_Siim_Vahur-scaled.jpg?resize=768%2C512&amp;ssl=1 768w, https:\/\/i1.wp.com\/www.satb.sk\/wp-content\/uploads\/2025\/06\/Vox_Clamantis_2024_foto_Siim_Vahur-scaled.jpg?resize=1536%2C1024&amp;ssl=1 1536w, https:\/\/i1.wp.com\/www.satb.sk\/wp-content\/uploads\/2025\/06\/Vox_Clamantis_2024_foto_Siim_Vahur-scaled.jpg?resize=2048%2C1365&amp;ssl=1 2048w, https:\/\/i1.wp.com\/www.satb.sk\/wp-content\/uploads\/2025\/06\/Vox_Clamantis_2024_foto_Siim_Vahur-scaled.jpg?resize=600%2C400&amp;ssl=1 600w, https:\/\/i1.wp.com\/www.satb.sk\/wp-content\/uploads\/2025\/06\/Vox_Clamantis_2024_foto_Siim_Vahur-scaled.jpg?resize=272%2C182&amp;ssl=1 272w, https:\/\/i1.wp.com\/www.satb.sk\/wp-content\/uploads\/2025\/06\/Vox_Clamantis_2024_foto_Siim_Vahur-scaled.jpg?w=1674&amp;ssl=1 1674w, https:\/\/i1.wp.com\/www.satb.sk\/wp-content\/uploads\/2025\/06\/Vox_Clamantis_2024_foto_Siim_Vahur-scaled.jpg?w=2511&amp;ssl=1 2511w\" sizes=\"(max-width: 785px) 100vw, 785px\" data-recalc-dims=\"1\" \/><figcaption id=\"caption-attachment-6244\" class=\"wp-caption-text\"><em>Vok\u00e1lny s\u00fabor Vox Clamantis. Foto: Siim Vahur<\/em><\/figcaption><\/figure>\n<p>&nbsp;<\/p>\n<p><strong style=\"font-size: 14px; letter-spacing: 0px;\">\u010co pod\u013ea V\u00e1s odli\u0161uje Vox Clamantis od in\u00fdch vok\u00e1lnych skup\u00edn?<br \/>\n<\/strong>To, \u010do n\u00e1s rob\u00ed v\u00fdnimo\u010dn\u00fdmi, je n\u00e1\u0161 z\u00e1klad v gregori\u00e1nskom chor\u00e1li. Spievame ho pravidelne a \u010dasto za\u010d\u00edname sk\u00fa\u0161ky spevom z gregori\u00e1nskeho reperto\u00e1ru. Pom\u00e1ha n\u00e1m to udr\u017eiava\u0165 si vok\u00e1lnu aj duchovn\u00fa \u00farove\u0148.<\/p>\n<p><strong style=\"font-size: 14px; letter-spacing: 0px;\">Hudba, ktor\u00fa interpretujete je pomerne komplexn\u00e1. Ako udr\u017eiavate s\u00fabor tak\u00fd s\u00fadr\u017en\u00fd a vyv\u00e1\u017een\u00fd \u2013 hudobne aj ako t\u00edm?<\/strong><\/p>\n<p>Na\u0161a zostava je ve\u013emi stabiln\u00e1 a zmeny v nej s\u00fa zriedkav\u00e9. Sk\u00fa\u0161ky m\u00e1me pravidelne a d\u00e1 sa poveda\u0165, \u017ee spev\u00e1ci sa navz\u00e1jom ve\u013emi dobre poznaj\u00fa. V\u017edy sa zameriavame na pr\u00e1cu so zvukom v konkr\u00e9tnom koncertnom priestore, \u010do niekedy znamen\u00e1, \u017ee mus\u00edme preusporiada\u0165 hlasy. Spev\u00e1ci s\u00fa na to zvyknut\u00ed a pristupuj\u00fa k tomu ve\u013emi profesion\u00e1lne a vo v\u00fdnimo\u010dn\u00fdch pr\u00edpadoch dokonca spievaj\u00fa \u00faplne in\u00e9 hlasov\u00e9 party. Ke\u010f\u017ee ve\u013ea cestujeme, udr\u017eiavanie dobrej vn\u00fatornej atmosf\u00e9ry v s\u00fabore je pre n\u00e1s absol\u00fatne k\u013e\u00fa\u010dov\u00e9.<\/p>\n<figure id=\"attachment_6242\" aria-describedby=\"caption-attachment-6242\" style=\"width: 746px\" class=\"wp-caption alignnone\"><img loading=\"lazy\" decoding=\"async\" data-attachment-id=\"6242\" data-permalink=\"https:\/\/www.satb.sk\/index.php\/2025\/06\/28\/jaan-eik-tulve-kazda-hudba-musi-byt-najprv-pochopena-samotnymi-interpretmi\/2236-1163\/\" data-orig-file=\"https:\/\/i0.wp.com\/www.satb.sk\/wp-content\/uploads\/2025\/06\/2236-1163-scaled.jpg?fit=2560%2C1708&amp;ssl=1\" data-orig-size=\"2560,1708\" data-comments-opened=\"0\" data-image-meta=\"{&quot;aperture&quot;:&quot;2.8&quot;,&quot;credit&quot;:&quot;\\u00a92016 Bart Babinski&quot;,&quot;camera&quot;:&quot;ILCE-7RM2&quot;,&quot;caption&quot;:&quot;Photo: Bart Babinski \\u00a92016\\rThe Grammy Award winning vocal ensemble Vox Clamantis, rehearsing for performance in New York City&#039;s St. Francis Xavier Church on September 18th, 2016&quot;,&quot;created_timestamp&quot;:&quot;1316371921&quot;,&quot;copyright&quot;:&quot;\\u00a92016 Bart Babinski\\rphoto credit byline and permission for any use required&quot;,&quot;focal_length&quot;:&quot;85&quot;,&quot;iso&quot;:&quot;1600&quot;,&quot;shutter_speed&quot;:&quot;0.008&quot;,&quot;title&quot;:&quot;&quot;,&quot;orientation&quot;:&quot;1&quot;}\" data-image-title=\"2236-1163\" data-image-description=\"\" data-image-caption=\"&lt;p&gt;Photo: Bart Babinski \u00a92016&lt;br \/&gt;\nThe Grammy Award winning vocal ensemble Vox Clamantis, rehearsing for performance in New York City&#8217;s St. Francis Xavier Church on September 18th, 2016&lt;\/p&gt;\n\" data-medium-file=\"https:\/\/i0.wp.com\/www.satb.sk\/wp-content\/uploads\/2025\/06\/2236-1163-scaled.jpg?fit=300%2C200&amp;ssl=1\" data-large-file=\"https:\/\/i0.wp.com\/www.satb.sk\/wp-content\/uploads\/2025\/06\/2236-1163-scaled.jpg?fit=837%2C558&amp;ssl=1\" class=\"wp-image-6242\" src=\"https:\/\/i1.wp.com\/www.satb.sk\/wp-content\/uploads\/2025\/06\/2236-1163.jpg?resize=746%2C497&#038;ssl=1\" alt=\"\" width=\"746\" height=\"497\" srcset=\"https:\/\/i0.wp.com\/www.satb.sk\/wp-content\/uploads\/2025\/06\/2236-1163-scaled.jpg?resize=300%2C200&amp;ssl=1 300w, https:\/\/i0.wp.com\/www.satb.sk\/wp-content\/uploads\/2025\/06\/2236-1163-scaled.jpg?resize=1024%2C683&amp;ssl=1 1024w, https:\/\/i0.wp.com\/www.satb.sk\/wp-content\/uploads\/2025\/06\/2236-1163-scaled.jpg?resize=768%2C512&amp;ssl=1 768w, https:\/\/i0.wp.com\/www.satb.sk\/wp-content\/uploads\/2025\/06\/2236-1163-scaled.jpg?resize=1536%2C1025&amp;ssl=1 1536w, https:\/\/i0.wp.com\/www.satb.sk\/wp-content\/uploads\/2025\/06\/2236-1163-scaled.jpg?resize=2048%2C1366&amp;ssl=1 2048w, https:\/\/i0.wp.com\/www.satb.sk\/wp-content\/uploads\/2025\/06\/2236-1163-scaled.jpg?resize=600%2C400&amp;ssl=1 600w, https:\/\/i0.wp.com\/www.satb.sk\/wp-content\/uploads\/2025\/06\/2236-1163-scaled.jpg?resize=272%2C182&amp;ssl=1 272w, https:\/\/i0.wp.com\/www.satb.sk\/wp-content\/uploads\/2025\/06\/2236-1163-scaled.jpg?w=1674&amp;ssl=1 1674w, https:\/\/i0.wp.com\/www.satb.sk\/wp-content\/uploads\/2025\/06\/2236-1163-scaled.jpg?w=2511&amp;ssl=1 2511w\" sizes=\"(max-width: 746px) 100vw, 746px\" data-recalc-dims=\"1\" \/><figcaption id=\"caption-attachment-6242\" class=\"wp-caption-text\"><em>Jaan-Eik Tulve po\u010das sk\u00fa\u0161ky na vyst\u00fapenie v kostole sv. Franti\u0161ka Xaversk\u00e9ho v New Yorku. Foto: Bart Babinski\u00a0 <\/em><\/figcaption><\/figure>\n<p>&nbsp;<\/p>\n<p><strong style=\"font-size: 14px; letter-spacing: 0px;\">Zd\u00e1 sa, \u017ee priestor, v ktorom spievate, hr\u00e1 d\u00f4le\u017eit\u00fa \u00falohu vo va\u0161ich vyst\u00fapeniach. Pracujete s akustikou r\u00f4znych miest, aby ste dotvorili zvuk?<\/strong><\/p>\n<p>\u00c1no, to je ve\u013emi d\u00f4le\u017eit\u00e9. V\u017edy sa sna\u017e\u00edme n\u00e1js\u0165 najvhodnej\u0161ie umiestnenie, kde sa spev\u00e1ci c\u00edtia pohodlne a kde sa zvuk najlep\u0161ie nesie.<\/p>\n<p><strong style=\"font-size: 14px; letter-spacing: 0px;\">V\u00e1\u0161 reperto\u00e1r \u010dasto smeruje k duchovnej a meditat\u00edvnej hudbe. \u010co v\u00e1s na tomto type hudby pri\u0165ahuje a ako pod\u013ea v\u00e1s oslovuje dne\u0161n\u00e9 publikum?<\/strong><\/p>\n<p>Od mladosti sa venujem duchovnej hudbe &#8211; najm\u00e4 kres\u0165anskej, hoci sme pripravovali aj programy zalo\u017een\u00e9 na \u017eidovskej tradi\u010dnej hudbe. Ver\u00edm, \u017ee duchovn\u00e9 posolstvo je v dne\u0161nom zlo\u017eitom svete ve\u013emi potrebn\u00e9 a, ako sme videli, publikum na\u0148 aj pozit\u00edvne reaguje.<\/p>\n<figure id=\"attachment_6243\" aria-describedby=\"caption-attachment-6243\" style=\"width: 758px\" class=\"wp-caption alignnone\"><img loading=\"lazy\" decoding=\"async\" data-attachment-id=\"6243\" data-permalink=\"https:\/\/www.satb.sk\/index.php\/2025\/06\/28\/jaan-eik-tulve-kazda-hudba-musi-byt-najprv-pochopena-samotnymi-interpretmi\/511816842_1370365491317999_4554230653037343419_n\/\" data-orig-file=\"https:\/\/i1.wp.com\/www.satb.sk\/wp-content\/uploads\/2025\/06\/511816842_1370365491317999_4554230653037343419_n.jpg?fit=2048%2C1366&amp;ssl=1\" data-orig-size=\"2048,1366\" data-comments-opened=\"0\" data-image-meta=\"{&quot;aperture&quot;:&quot;0&quot;,&quot;credit&quot;:&quot;Zdenko Hanout&quot;,&quot;camera&quot;:&quot;&quot;,&quot;caption&quot;:&quot;&quot;,&quot;created_timestamp&quot;:&quot;0&quot;,&quot;copyright&quot;:&quot;Zdenko Hanout\\nwww.hanoutmedia.com&quot;,&quot;focal_length&quot;:&quot;0&quot;,&quot;iso&quot;:&quot;0&quot;,&quot;shutter_speed&quot;:&quot;0&quot;,&quot;title&quot;:&quot;&quot;,&quot;orientation&quot;:&quot;0&quot;}\" data-image-title=\"511816842_1370365491317999_4554230653037343419_n\" data-image-description=\"\" data-image-caption=\"\" data-medium-file=\"https:\/\/i1.wp.com\/www.satb.sk\/wp-content\/uploads\/2025\/06\/511816842_1370365491317999_4554230653037343419_n.jpg?fit=300%2C200&amp;ssl=1\" data-large-file=\"https:\/\/i1.wp.com\/www.satb.sk\/wp-content\/uploads\/2025\/06\/511816842_1370365491317999_4554230653037343419_n.jpg?fit=837%2C558&amp;ssl=1\" class=\"wp-image-6243\" src=\"https:\/\/i1.wp.com\/www.satb.sk\/wp-content\/uploads\/2025\/06\/511816842_1370365491317999_4554230653037343419_n.jpg?resize=758%2C505&#038;ssl=1\" alt=\"\" width=\"758\" height=\"505\" srcset=\"https:\/\/i1.wp.com\/www.satb.sk\/wp-content\/uploads\/2025\/06\/511816842_1370365491317999_4554230653037343419_n.jpg?resize=300%2C200&amp;ssl=1 300w, https:\/\/i1.wp.com\/www.satb.sk\/wp-content\/uploads\/2025\/06\/511816842_1370365491317999_4554230653037343419_n.jpg?resize=1024%2C683&amp;ssl=1 1024w, https:\/\/i1.wp.com\/www.satb.sk\/wp-content\/uploads\/2025\/06\/511816842_1370365491317999_4554230653037343419_n.jpg?resize=768%2C512&amp;ssl=1 768w, https:\/\/i1.wp.com\/www.satb.sk\/wp-content\/uploads\/2025\/06\/511816842_1370365491317999_4554230653037343419_n.jpg?resize=1536%2C1025&amp;ssl=1 1536w, https:\/\/i1.wp.com\/www.satb.sk\/wp-content\/uploads\/2025\/06\/511816842_1370365491317999_4554230653037343419_n.jpg?resize=600%2C400&amp;ssl=1 600w, https:\/\/i1.wp.com\/www.satb.sk\/wp-content\/uploads\/2025\/06\/511816842_1370365491317999_4554230653037343419_n.jpg?resize=272%2C182&amp;ssl=1 272w, https:\/\/i1.wp.com\/www.satb.sk\/wp-content\/uploads\/2025\/06\/511816842_1370365491317999_4554230653037343419_n.jpg?w=2048&amp;ssl=1 2048w, https:\/\/i1.wp.com\/www.satb.sk\/wp-content\/uploads\/2025\/06\/511816842_1370365491317999_4554230653037343419_n.jpg?w=1674&amp;ssl=1 1674w\" sizes=\"(max-width: 758px) 100vw, 758px\" data-recalc-dims=\"1\" \/><figcaption id=\"caption-attachment-6243\" class=\"wp-caption-text\"><em>Fotografia z koncertu Vox Clamantis v Bratislave v r\u00e1mci festivalu Viva Musica!. Foto: Zdenko Hanout<\/em><\/figcaption><\/figure>\n<p>&nbsp;<\/p>\n<p><strong style=\"font-size: 14px; letter-spacing: 0px;\">Ve\u013ea ste sa venovali starej hudbe, najm\u00e4 gregori\u00e1nskemu chor\u00e1lu a stredovek\u00fdm dielam. Ako dok\u00e1\u017eete, \u017ee t\u00e1to starobyl\u00e1 hudba p\u00f4sob\u00ed \u017eivo a zmysluplne aj dnes?<\/strong><\/p>\n<p>Ka\u017ed\u00e1 hudba mus\u00ed by\u0165 najprv pochopen\u00e1 samotn\u00fdmi interpretmi \u2013 a\u017e potom sa s \u0148ou m\u00f4\u017ee spoji\u0165 aj publikum. V tomto zmysle nie je rozdiel medzi starou a s\u00fa\u010dasnou hudbou.<\/p>\n<p><strong style=\"font-size: 14px; letter-spacing: 0px;\">Vox Clamantis m\u00e1 u\u017e dlho \u0161peci\u00e1lne prepojenie s Arvom P\u00e4rtom. Ako sa t\u00e1to spolupr\u00e1ca za\u010dala a ako sa vyv\u00edjala v priebehu rokov?<\/strong><\/p>\n<p>Arvo P\u00e4rt sa v\u017edy zauj\u00edmal o gregori\u00e1nsky chor\u00e1l, a ke\u010f sme zakladali n\u00e1\u0161 s\u00fabor, \u010dasto nav\u0161tevoval na\u0161e koncerty, aby si vypo\u010dul t\u00fato starobyl\u00fa duchovn\u00fa hudbu. Spoznali sme sa a \u010doskoro pre n\u00e1s za\u010dal p\u00edsa\u0165 hudbu. Arvovu tvorbu ve\u013emi dobre ch\u00e1pem cez optiku gregori\u00e1nskeho chor\u00e1lu &#8211; v oboch je najd\u00f4le\u017eitej\u0161\u00ed text, okolo ktor\u00e9ho sa v\u0161etko to\u010d\u00ed. Postupom \u010dasu sa n\u00e1\u0161 vz\u0165ah e\u0161te viac preh\u013abil a dnes sa stret\u00e1vame nielen kv\u00f4li hudbe, ale aj na osobnej \u00farovni.<\/p>\n<blockquote>\n<p style=\"text-align: center;\">&#8220;Ka\u017ed\u00e9 dielo Arva P\u00e4rta, aj to najmen\u0161ie, je svoj\u00edm vlastn\u00fdm svetom.<br \/>\nV\u017edy sa sna\u017e\u00edm do toho sveta vst\u00fapi\u0165,preto\u017ee je bohat\u00fd po ka\u017edej str\u00e1nke.&#8221;<\/p>\n<\/blockquote>\n<p><strong style=\"font-size: 14px; letter-spacing: 0px;\">Hudba Arva P\u00e4rta m\u00e1 hlbok\u00fa duchovn\u00fa atmosf\u00e9ru a jedine\u010dn\u00fd zmysel pre priestor. Ak\u00e9 je to dirigova\u0165 jeho diela so s\u00faborom Vox Clamantis? S\u00fa pri tom nejak\u00e9 v\u00fdzvy alebo prekvapenia?<\/strong><\/p>\n<p>Ka\u017ed\u00e9 dielo Arva P\u00e4rta, aj to najmen\u0161ie, je svoj\u00edm vlastn\u00fdm svetom. V\u017edy sa sna\u017e\u00edm do toho sveta vst\u00fapi\u0165, preto\u017ee je bohat\u00fd po ka\u017edej str\u00e1nke. Preto je by\u0165 s\u00fa\u010das\u0165ou jeho hudby a dirigova\u0165 ju ve\u013ek\u00fdm privil\u00e9giom. Hoci niektor\u00e9 skladby spievame u\u017e stovky r\u00e1z, nikdy n\u00e1s neomrzia, lebo v\u017edy znej\u00fa nanovo. Ver\u00edm, \u017ee t\u00fato svie\u017eos\u0165 treba vedome h\u013eada\u0165 a \u010dlovek by sa nikdy nemal hudbou unavi\u0165. Plat\u00ed to, samozrejme, pre v\u0161etky druhy hudby.<\/p>\n<p><strong style=\"font-size: 14px; letter-spacing: 0px;\">\u010co pod\u013ea v\u00e1s rob\u00ed hudbu Arva P\u00e4rta v\u00fdnimo\u010dnou a pre\u010do pod\u013ea v\u00e1s st\u00e1le oslovuje \u013eud\u00ed na celom svete?<\/strong><\/p>\n<p>Arvo p\u00ed\u0161e svoju hudbu ve\u013emi osobne a \u00faprimne. Dot\u00fdka sa univerz\u00e1lnych existen\u010dn\u00fdch ot\u00e1zok a em\u00f3ci\u00ed. Aj ke\u010f si \u013eudia nie s\u00fa vedom\u00ed svojich vn\u00fatorn\u00fdch potrieb alebo sa sna\u017eia \u017ei\u0165 pod\u013ea nejak\u00fdch pseudo-vzorov, \u00faprimnos\u0165 a h\u013abka Arvovej hudby otv\u00e1ra ich srdcia. A okrem toho je skuto\u010dn\u00fd g\u00e9nius v pravom zmysle slova.<\/p>\n<figure id=\"attachment_6240\" aria-describedby=\"caption-attachment-6240\" style=\"width: 764px\" class=\"wp-caption alignnone\"><img loading=\"lazy\" decoding=\"async\" data-attachment-id=\"6240\" data-permalink=\"https:\/\/www.satb.sk\/index.php\/2025\/06\/28\/jaan-eik-tulve-kazda-hudba-musi-byt-najprv-pochopena-samotnymi-interpretmi\/arvo-part\/\" data-orig-file=\"https:\/\/i2.wp.com\/www.satb.sk\/wp-content\/uploads\/2025\/06\/Arvo-Part-scaled.jpg?fit=2560%2C1707&amp;ssl=1\" data-orig-size=\"2560,1707\" data-comments-opened=\"0\" data-image-meta=\"{&quot;aperture&quot;:&quot;0&quot;,&quot;credit&quot;:&quot;JAAN TOOTSEN&quot;,&quot;camera&quot;:&quot;&quot;,&quot;caption&quot;:&quot;&quot;,&quot;created_timestamp&quot;:&quot;0&quot;,&quot;copyright&quot;:&quot;&quot;,&quot;focal_length&quot;:&quot;0&quot;,&quot;iso&quot;:&quot;0&quot;,&quot;shutter_speed&quot;:&quot;0&quot;,&quot;title&quot;:&quot;&quot;,&quot;orientation&quot;:&quot;0&quot;}\" data-image-title=\"Arvo P\u00e4rt\" data-image-description=\"\" data-image-caption=\"\" data-medium-file=\"https:\/\/i2.wp.com\/www.satb.sk\/wp-content\/uploads\/2025\/06\/Arvo-Part-scaled.jpg?fit=300%2C200&amp;ssl=1\" data-large-file=\"https:\/\/i2.wp.com\/www.satb.sk\/wp-content\/uploads\/2025\/06\/Arvo-Part-scaled.jpg?fit=837%2C558&amp;ssl=1\" class=\"wp-image-6240\" src=\"https:\/\/i1.wp.com\/www.satb.sk\/wp-content\/uploads\/2025\/06\/Arvo-Part.jpg?resize=764%2C509&#038;ssl=1\" alt=\"\" width=\"764\" height=\"509\" srcset=\"https:\/\/i2.wp.com\/www.satb.sk\/wp-content\/uploads\/2025\/06\/Arvo-Part-scaled.jpg?resize=300%2C200&amp;ssl=1 300w, https:\/\/i2.wp.com\/www.satb.sk\/wp-content\/uploads\/2025\/06\/Arvo-Part-scaled.jpg?resize=1024%2C683&amp;ssl=1 1024w, https:\/\/i2.wp.com\/www.satb.sk\/wp-content\/uploads\/2025\/06\/Arvo-Part-scaled.jpg?resize=768%2C512&amp;ssl=1 768w, https:\/\/i2.wp.com\/www.satb.sk\/wp-content\/uploads\/2025\/06\/Arvo-Part-scaled.jpg?resize=1536%2C1024&amp;ssl=1 1536w, https:\/\/i2.wp.com\/www.satb.sk\/wp-content\/uploads\/2025\/06\/Arvo-Part-scaled.jpg?resize=2048%2C1365&amp;ssl=1 2048w, https:\/\/i2.wp.com\/www.satb.sk\/wp-content\/uploads\/2025\/06\/Arvo-Part-scaled.jpg?resize=600%2C400&amp;ssl=1 600w, https:\/\/i2.wp.com\/www.satb.sk\/wp-content\/uploads\/2025\/06\/Arvo-Part-scaled.jpg?resize=272%2C182&amp;ssl=1 272w, https:\/\/i2.wp.com\/www.satb.sk\/wp-content\/uploads\/2025\/06\/Arvo-Part-scaled.jpg?w=1674&amp;ssl=1 1674w, https:\/\/i2.wp.com\/www.satb.sk\/wp-content\/uploads\/2025\/06\/Arvo-Part-scaled.jpg?w=2511&amp;ssl=1 2511w\" sizes=\"(max-width: 764px) 100vw, 764px\" data-recalc-dims=\"1\" \/><figcaption id=\"caption-attachment-6240\" class=\"wp-caption-text\"><em>Jaan-Eik Tulve so skladate\u013eom Arvom P\u00e4rtom. Foto: arch\u00edv Jaan-Eika Tulveho<\/em><\/figcaption><\/figure>\n<p>&nbsp;<\/p>\n<p><strong style=\"font-size: 14px; letter-spacing: 0px;\">S\u00fa nejak\u00e9 P\u00e4rtove skladby, ktor\u00e9 s\u00fa v\u00e1m obzvl\u00e1\u0161\u0165 bl\u00edzke alebo ktor\u00e9 s\u00fa v\u00fdnimo\u010dn\u00e9 pri interpret\u00e1cii s va\u0161im s\u00faborom?<\/strong><\/p>\n<p>Nepovedal by som, \u017ee existuje dielo, ktor\u00e9 by ma nechalo chladn\u00fdm. Ka\u017ed\u00e9 m\u00e1 svoj charakter a hlboko ma zasahuje. Ob\u010das niektor\u00e9 vyst\u00fapia do popredia a potom ich vystriedaj\u00fa in\u00e9 \u2013 \u0165a\u017eko sa to vysvet\u013euje. Samozrejme, v\u017edy s\u00fa to v\u00fdnimo\u010dn\u00e9 chv\u00edle, ke\u010f m\u00f4\u017eeme interpretova\u0165 niektor\u00e9 z P\u00e4rtov\u00fdch rozsiahlej\u0161\u00edch diel, ako napr\u00edklad <em>Kanon Pokajanen<\/em>, <em>Passio<\/em> alebo <em>Stabat Mater<\/em>.<\/p>\n<p><strong style=\"font-size: 14px; letter-spacing: 0px;\">V roku 2014 z\u00edskal Vox Clamantis cenu Grammy za <em>Adam\u2019s Lament<\/em>. \u010co to znamenalo pre s\u00fabor? Zmenilo to nie\u010do vo va\u0161om \u010fal\u0161om p\u00f4soben\u00ed?<\/strong><\/p>\n<p><em>Adam\u2019s Lament<\/em> je ve\u013emi \u0161peci\u00e1lne dielo. Arvo pou\u017eil text sv\u00e4t\u00e9ho Silu\u00e1na, ktor\u00fd obsahuje priamy monol\u00f3g Adama. Ten monol\u00f3g spracoval Arvo \u0161peci\u00e1lne pre Vox Clamantis. Premi\u00e9rovali sme ho v Istanbule a nesk\u00f4r nahrali. Z\u00edskanie Grammy bolo obrovskou poctou \u2013 mo\u017eno znakom kvality pre t\u00fdch, ktor\u00ed s\u00fabor e\u0161te nepoznali, ale pre n\u00e1s je to najm\u00e4 z\u00e1v\u00e4zok: mus\u00edme si udr\u017ea\u0165 na\u0161u \u00farove\u0148. Nemysl\u00edm si v\u0161ak, \u017ee Grammy z\u00e1sadne zmenila na\u0161e \u017eivoty.<\/p>\n<p>&nbsp;<\/p>\n<p><iframe title=\"Spotify Embed: Adam&amp;apos;s Lament\" style=\"border-radius: 12px\" width=\"100%\" height=\"152\" frameborder=\"0\" allowfullscreen allow=\"autoplay; clipboard-write; encrypted-media; fullscreen; picture-in-picture\" loading=\"lazy\" src=\"https:\/\/open.spotify.com\/embed\/track\/0XgP9WHJbh6yA869jMQXAW?si=5ba1da4a7ff34527&#038;utm_source=oembed\"><\/iframe><\/p>\n<p>&nbsp;<\/p>\n<p><strong style=\"font-size: 14px; letter-spacing: 0px;\">\u010co pod\u013ea v\u00e1s urobilo <em>Adam\u2019s Lament<\/em> v\u00fdnimo\u010dn\u00fdm? Spom\u00ednate si na nie\u010do \u0161peci\u00e1lne z nahr\u00e1vania alebo pr\u00edstupu k tejto hudbe?<\/strong><\/p>\n<p>Ako som spomenul, \u010das\u0165 <em>Adam\u2019s Lament<\/em> Arvo nap\u00edsal \u0161peci\u00e1lne pre n\u00e1s a ke\u010f\u017ee n\u00e1\u0161 s\u00fabor u\u017e dobre poznal, hudba n\u00e1m ve\u013emi prirodzene sadla. P\u00e4rt sa dokonca z\u00fa\u010dastnil sk\u00fa\u0161ok aj samotn\u00e9ho nahr\u00e1vania. Pracova\u0165 s n\u00edm je v\u017edy v\u00fdnimo\u010dn\u00e9, preto\u017ee m\u00e1 \u017eiv\u00fd, niekedy aj humorn\u00fd sp\u00f4sob, ak\u00fdm vyjadruje v\u00fdznam hudby. Jeho slov\u00e1 s\u00fa v\u017edy presn\u00e9 a z\u00e1rove\u0148 obohacuj\u00face.<\/p>\n<p><strong style=\"font-size: 14px; letter-spacing: 0px;\">Po\u010fme k V\u00e1\u0161mu koncertu v Bratislave v r\u00e1mci festivalu Viva Musica! \u2013 bola to oslava P\u00e4rtovho v\u00fdro\u010dia. Ako ste vyberali skladby pre tento \u0161peci\u00e1lny ve\u010der?<\/strong><\/p>\n<p>T\u00fato jese\u0148 vyd\u00e1 n\u00e1\u0161 s\u00fabor nov\u00fd album P\u00e4rtovej hudby pod zna\u010dkou ECM. \u00dastredn\u00fdm dielom je cyklus <em>Sieben Magnificat Antiphonen<\/em>. Hoci je jeho t\u00e9ma spojen\u00e1 s obdob\u00edm adventu, chcel som t\u00fdmto koncertom predstavi\u0165 nov\u00fd album. \u010eal\u0161ie skladby zaraden\u00e9 v koncertnom programe, ako <em>Nunc dimittis<\/em> a <em>And I Heard a Voice\u2026<\/em>, poch\u00e1dzali tie\u017e z nov\u00e9ho albumu.<\/p>\n<figure id=\"attachment_6246\" aria-describedby=\"caption-attachment-6246\" style=\"width: 786px\" class=\"wp-caption alignnone\"><img loading=\"lazy\" decoding=\"async\" data-attachment-id=\"6246\" data-permalink=\"https:\/\/www.satb.sk\/index.php\/2025\/06\/28\/jaan-eik-tulve-kazda-hudba-musi-byt-najprv-pochopena-samotnymi-interpretmi\/512163121_1370365434651338_3790488469503273077_n\/\" data-orig-file=\"https:\/\/i0.wp.com\/www.satb.sk\/wp-content\/uploads\/2025\/06\/512163121_1370365434651338_3790488469503273077_n.jpg?fit=2048%2C1365&amp;ssl=1\" data-orig-size=\"2048,1365\" data-comments-opened=\"0\" data-image-meta=\"{&quot;aperture&quot;:&quot;0&quot;,&quot;credit&quot;:&quot;ZDENKO HANOUT&quot;,&quot;camera&quot;:&quot;&quot;,&quot;caption&quot;:&quot;&quot;,&quot;created_timestamp&quot;:&quot;0&quot;,&quot;copyright&quot;:&quot;www.hanout.eu&quot;,&quot;focal_length&quot;:&quot;0&quot;,&quot;iso&quot;:&quot;0&quot;,&quot;shutter_speed&quot;:&quot;0&quot;,&quot;title&quot;:&quot;&quot;,&quot;orientation&quot;:&quot;0&quot;}\" data-image-title=\"512163121_1370365434651338_3790488469503273077_n\" data-image-description=\"\" data-image-caption=\"\" data-medium-file=\"https:\/\/i0.wp.com\/www.satb.sk\/wp-content\/uploads\/2025\/06\/512163121_1370365434651338_3790488469503273077_n.jpg?fit=300%2C200&amp;ssl=1\" data-large-file=\"https:\/\/i0.wp.com\/www.satb.sk\/wp-content\/uploads\/2025\/06\/512163121_1370365434651338_3790488469503273077_n.jpg?fit=837%2C558&amp;ssl=1\" class=\"wp-image-6246\" src=\"https:\/\/i0.wp.com\/www.satb.sk\/wp-content\/uploads\/2025\/06\/512163121_1370365434651338_3790488469503273077_n.jpg?resize=786%2C524&#038;ssl=1\" alt=\"\" width=\"786\" height=\"524\" srcset=\"https:\/\/i0.wp.com\/www.satb.sk\/wp-content\/uploads\/2025\/06\/512163121_1370365434651338_3790488469503273077_n.jpg?resize=300%2C200&amp;ssl=1 300w, https:\/\/i0.wp.com\/www.satb.sk\/wp-content\/uploads\/2025\/06\/512163121_1370365434651338_3790488469503273077_n.jpg?resize=1024%2C683&amp;ssl=1 1024w, https:\/\/i0.wp.com\/www.satb.sk\/wp-content\/uploads\/2025\/06\/512163121_1370365434651338_3790488469503273077_n.jpg?resize=768%2C512&amp;ssl=1 768w, https:\/\/i0.wp.com\/www.satb.sk\/wp-content\/uploads\/2025\/06\/512163121_1370365434651338_3790488469503273077_n.jpg?resize=1536%2C1024&amp;ssl=1 1536w, https:\/\/i0.wp.com\/www.satb.sk\/wp-content\/uploads\/2025\/06\/512163121_1370365434651338_3790488469503273077_n.jpg?resize=600%2C400&amp;ssl=1 600w, https:\/\/i0.wp.com\/www.satb.sk\/wp-content\/uploads\/2025\/06\/512163121_1370365434651338_3790488469503273077_n.jpg?resize=272%2C182&amp;ssl=1 272w, https:\/\/i0.wp.com\/www.satb.sk\/wp-content\/uploads\/2025\/06\/512163121_1370365434651338_3790488469503273077_n.jpg?w=2048&amp;ssl=1 2048w, https:\/\/i0.wp.com\/www.satb.sk\/wp-content\/uploads\/2025\/06\/512163121_1370365434651338_3790488469503273077_n.jpg?w=1674&amp;ssl=1 1674w\" sizes=\"(max-width: 786px) 100vw, 786px\" data-recalc-dims=\"1\" \/><figcaption id=\"caption-attachment-6246\" class=\"wp-caption-text\"><em>Fotografia z koncertu Vox Clamantis v Bratislave v r\u00e1mci festivalu Viva Musica!. Foto: Zdenko Hanout<\/em><\/figcaption><\/figure>\n<p>&nbsp;<\/p>\n<p><strong style=\"font-size: 14px; letter-spacing: 0px;\">Okrem hudby Arva P\u00e4rta ste na koncerte interpretovali aj diela americk\u00e9ho skladate\u013ea Davida Langa. \u010co v\u00e1s na jeho tvorbe zaujalo a ako zapad\u00e1 do koncertn\u00e9ho programu postavenom na P\u00e4rtovi?<\/strong><\/p>\n<p>Davida Langa pozn\u00e1me u\u017e viac ne\u017e desa\u0165 rokov a jeho hudbu spievame pravidelne. Aj on skladal priamo pre n\u00e1s. Pova\u017eujem ho za podobn\u00e9ho P\u00e4rtovi v tom, \u017ee sa taktie\u017e venuje najm\u00e4 duchovn\u00fdm t\u00e9mam, hoci jeho pr\u00edstup vych\u00e1dza z judaizmu. Pre m\u0148a s\u00fa v\u0161ak judaizmus a kres\u0165anstvo ve\u013emi bl\u00edzke. David si p\u00ed\u0161e vlastn\u00e9 texty in\u0161pirovan\u00e9 Bibliou a v\u017edy ich spracov\u00e1va zauj\u00edmav\u00fdm sp\u00f4sobom. P\u00e4rt a Lang maj\u00fa podobn\u00e9 zm\u00fd\u0161\u013eanie aj hudobn\u00fa citlivos\u0165, preto ich diela spolu dobre funguj\u00fa.<\/p>\n<p><strong style=\"font-size: 14px; letter-spacing: 0px;\">Ak\u00fa em\u00f3ciu ste chceli zanecha\u0165 v publiku po koncerte?<\/strong><\/p>\n<p>D\u00fafam, \u017ee t\u00e1to hudba publikum oslovila a \u017ee im umo\u017enila znovuobjavi\u0165 svoje vn\u00fatorn\u00e9 die\u0165a, ktor\u00e9 v sebe v\u0161etci st\u00e1le nos\u00edme aj ako dospel\u00ed.<\/p>\n<figure id=\"attachment_6247\" aria-describedby=\"caption-attachment-6247\" style=\"width: 764px\" class=\"wp-caption alignnone\"><img loading=\"lazy\" decoding=\"async\" data-attachment-id=\"6247\" data-permalink=\"https:\/\/www.satb.sk\/index.php\/2025\/06\/28\/jaan-eik-tulve-kazda-hudba-musi-byt-najprv-pochopena-samotnymi-interpretmi\/511202035_1370366047984610_1483647800272322171_n\/\" data-orig-file=\"https:\/\/i2.wp.com\/www.satb.sk\/wp-content\/uploads\/2025\/06\/511202035_1370366047984610_1483647800272322171_n.jpg?fit=2048%2C1366&amp;ssl=1\" data-orig-size=\"2048,1366\" data-comments-opened=\"0\" data-image-meta=\"{&quot;aperture&quot;:&quot;0&quot;,&quot;credit&quot;:&quot;Zdenko Hanout&quot;,&quot;camera&quot;:&quot;&quot;,&quot;caption&quot;:&quot;&quot;,&quot;created_timestamp&quot;:&quot;0&quot;,&quot;copyright&quot;:&quot;Zdenko Hanout\\nwww.hanoutmedia.com&quot;,&quot;focal_length&quot;:&quot;0&quot;,&quot;iso&quot;:&quot;0&quot;,&quot;shutter_speed&quot;:&quot;0&quot;,&quot;title&quot;:&quot;&quot;,&quot;orientation&quot;:&quot;0&quot;}\" data-image-title=\"511202035_1370366047984610_1483647800272322171_n\" data-image-description=\"\" data-image-caption=\"\" data-medium-file=\"https:\/\/i2.wp.com\/www.satb.sk\/wp-content\/uploads\/2025\/06\/511202035_1370366047984610_1483647800272322171_n.jpg?fit=300%2C200&amp;ssl=1\" data-large-file=\"https:\/\/i2.wp.com\/www.satb.sk\/wp-content\/uploads\/2025\/06\/511202035_1370366047984610_1483647800272322171_n.jpg?fit=837%2C558&amp;ssl=1\" class=\"wp-image-6247\" src=\"https:\/\/i2.wp.com\/www.satb.sk\/wp-content\/uploads\/2025\/06\/511202035_1370366047984610_1483647800272322171_n.jpg?resize=764%2C509&#038;ssl=1\" alt=\"\" width=\"764\" height=\"509\" srcset=\"https:\/\/i2.wp.com\/www.satb.sk\/wp-content\/uploads\/2025\/06\/511202035_1370366047984610_1483647800272322171_n.jpg?resize=300%2C200&amp;ssl=1 300w, https:\/\/i2.wp.com\/www.satb.sk\/wp-content\/uploads\/2025\/06\/511202035_1370366047984610_1483647800272322171_n.jpg?resize=1024%2C683&amp;ssl=1 1024w, https:\/\/i2.wp.com\/www.satb.sk\/wp-content\/uploads\/2025\/06\/511202035_1370366047984610_1483647800272322171_n.jpg?resize=768%2C512&amp;ssl=1 768w, https:\/\/i2.wp.com\/www.satb.sk\/wp-content\/uploads\/2025\/06\/511202035_1370366047984610_1483647800272322171_n.jpg?resize=1536%2C1025&amp;ssl=1 1536w, https:\/\/i2.wp.com\/www.satb.sk\/wp-content\/uploads\/2025\/06\/511202035_1370366047984610_1483647800272322171_n.jpg?resize=600%2C400&amp;ssl=1 600w, https:\/\/i2.wp.com\/www.satb.sk\/wp-content\/uploads\/2025\/06\/511202035_1370366047984610_1483647800272322171_n.jpg?resize=272%2C182&amp;ssl=1 272w, https:\/\/i2.wp.com\/www.satb.sk\/wp-content\/uploads\/2025\/06\/511202035_1370366047984610_1483647800272322171_n.jpg?w=2048&amp;ssl=1 2048w, https:\/\/i2.wp.com\/www.satb.sk\/wp-content\/uploads\/2025\/06\/511202035_1370366047984610_1483647800272322171_n.jpg?w=1674&amp;ssl=1 1674w\" sizes=\"(max-width: 764px) 100vw, 764px\" data-recalc-dims=\"1\" \/><figcaption id=\"caption-attachment-6247\" class=\"wp-caption-text\"><em>Fotografia z koncertu Vox Clamantis v Bratislave v r\u00e1mci festivalu Viva Musica!. Foto: Zdenko Hanout<\/em><\/figcaption><\/figure>\n<p>_ _ _ _<\/p>\n<p><em><strong>Jaan-Eik Tulve<\/strong> sa narodil v Tallinne (Est\u00f3nsko). Po z\u00edskan\u00ed diplomu z dirigovania zboru na Tallinnskom konzervat\u00f3riu v roku 1991 sa nau\u010dil dirigova\u0165 gregori\u00e1nsky chor\u00e1l na Le Conservatoire National Sup\u00e9rieur de Musique et de Danse de Paris (CNSMDP), kde v roku 1993 z\u00edskal diplom. N\u00e1sledne pracoval na CNSMDP ako asistent Louisa-Marieho Vigneho, ktor\u00fd mal rozhoduj\u00faci vplyv na jeho hudobn\u00fd v\u00fdvoj. Vyu\u010doval tie\u017e mnoho kurzov gregori\u00e1nskeho chor\u00e1lu vo Franc\u00fazsku, Belgicku, Taliansku, N\u00f3rsku, \u0160k\u00f3tsku, na Faersk\u00fdch ostrovoch, v Izraeli, Tasm\u00e1nii, Litve, F\u00ednsku a Est\u00f3nsku. V roku 1996 nast\u00fapil na miesto u\u010dite\u013ea gregori\u00e1nskeho chor\u00e1lu na Est\u00f3nskej akad\u00e9mii hudby a divadla. \u00a0Jaan-Eik Tulve dirigoval Est\u00f3nsky filharmonick\u00fd komorn\u00fd zbor, Est\u00f3nsky n\u00e1rodn\u00fd mu\u017esk\u00fd zbor, s\u00fabor Hortus Musicus a Tallinnsk\u00fd komorn\u00fd orchester. V\u00a0roku 1996, zalo\u017eil s\u00fabor Vox Clamantis v Tallinne.<\/em><\/p>\n<p>&nbsp;<\/p>\n<p><em>Pripravila: Dominika Sema\u0148\u00e1kov\u00e1<br \/>\n<\/em><em>Foto: Zdenko Hanout, festival Viva Musica!; arch\u00edv s\u00faboru Vox Clamantis; arch\u00edv Jaan-Eika Tulveho<\/em><\/p>\n<p>&nbsp;<\/p>\n","protected":false},"excerpt":{"rendered":"<p>Rozhovor s dirigentom vok\u00e1lneho s\u00faboru Vox Clamantis a \u0161pecialistom na gregori\u00e1nsky chor\u00e1l.<\/p>\n","protected":false},"author":1,"featured_media":6245,"comment_status":"closed","ping_status":"closed","sticky":false,"template":"","format":"standard","meta":{"om_disable_all_campaigns":false,"_monsterinsights_skip_tracking":false,"_monsterinsights_sitenote_active":false,"_monsterinsights_sitenote_note":"","_monsterinsights_sitenote_category":0,"spay_email":"","footnotes":"","jetpack_publicize_message":"","jetpack_is_tweetstorm":false},"categories":[49,34],"tags":[],"class_list":["post-6239","post","type-post","status-publish","format-standard","has-post-thumbnail","hentry","category-aktualne","category-rozhovory"],"aioseo_notices":[],"jetpack_featured_media_url":"https:\/\/i2.wp.com\/www.satb.sk\/wp-content\/uploads\/2025\/06\/513853807_1370365691317979_2409426603054685558_n.jpg?fit=2048%2C1365&ssl=1","jetpack_publicize_connections":[],"jetpack_sharing_enabled":true,"jetpack_shortlink":"https:\/\/wp.me\/pav5wC-1CD","jetpack-related-posts":[{"id":4939,"url":"https:\/\/www.satb.sk\/index.php\/2019\/12\/21\/19-den-otche-nash\/","url_meta":{"origin":6239,"position":0},"title":"19. de\u0148: Otche nash","date":"21 decembra, 2019","format":false,"excerpt":"Modlitba v podan\u00ed rusk\u00e9ho skladate\u013ea. Rusk\u00fd skladate\u013e Nikolaj Kedrov (1871 - 1940) komponoval po\u010das svojho \u017eivota predov\u0161etk\u00fdm liturgick\u00fa hudbu. Zalo\u017eil a p\u00f4sobil vo vok\u00e1lnom kvartete Kedrov kvartet. Medzi jeho najzn\u00e1mej\u0161ie skladby patr\u00ed nepochybne skladba Otsche na\u0161, ktor\u00e1 je v reperto\u00e1ri takmer ka\u017ed\u00e9ho spev\u00e1ckeho zboru. T\u00fato skladbu skomponoval v roku 1922,\u2026","rel":"","context":"V &quot;ADVENTN\u00dd KALEND\u00c1R 2019&quot;","img":{"alt_text":"","src":"https:\/\/i1.wp.com\/www.satb.sk\/wp-content\/uploads\/2019\/12\/19.Otche-nash_AK19_baner.png?fit=820%2C312&ssl=1&resize=350%2C200","width":350,"height":200},"classes":[]},{"id":289,"url":"https:\/\/www.satb.sk\/index.php\/2018\/11\/18\/subor-credo-oslavil-50-vyrocie-svojej-existencie\/","url_meta":{"origin":6239,"position":1},"title":"S\u00fabor Credo osl\u00e1vil 50. v\u00fdro\u010die svojej existencie","date":"18 novembra, 2018","format":false,"excerpt":"Vok\u00e1lno-in\u0161trument\u00e1lny s\u00fabor Credo, ktor\u00fd p\u00f4sob\u00ed v\u00a0Ivanke pri Dunaji, osl\u00e1vil v\u00a0septembri 50 rokov od svojho vzniku. S\u00fabor si v\u00fdro\u010die pripomenul koncertom, bohoslu\u017ebou, v\u00fdstavou fotografi\u00ed a\u00a0knihou. Credo pre\u017eilo v\u010faka viere, spolo\u010denstvu, odvahe, talentu a pracovitosti S\u00fabor Credo zalo\u017eili v\u00a0septembri 1968 Stanislav Zibala (kapeln\u00edak, s\u00f3lov\u00e1 gitara), Du\u0161an Mi\u0161\u00edk (sprievodn\u00e1 gitara), O\u013ega Dubovsk\u00e1-Zibalov\u00e1 (organ),\u2026","rel":"","context":"V &quot;PODUJATIA&quot;","img":{"alt_text":"","src":"https:\/\/i0.wp.com\/www.satb.sk\/wp-content\/uploads\/2018\/11\/Credo_full.jpg?fit=1200%2C900&ssl=1&resize=350%2C200","width":350,"height":200},"classes":[]},{"id":3930,"url":"https:\/\/www.satb.sk\/index.php\/2019\/04\/08\/christopher-gabbitas-spev-je-jednou-zo-zakladnych-zloziek-zivota-podobne-ako-rec\/","url_meta":{"origin":6239,"position":2},"title":"Christopher Gabbitas: Spev je jednou zo z\u00e1kladn\u00fdch zlo\u017eiek \u017eivota","date":"8 apr\u00edla, 2019","format":false,"excerpt":"Spevu sa za\u010dal venova\u0165 ako osemro\u010dn\u00fd a odvtedy je st\u00e1lou s\u00fa\u010das\u0165ou jeho \u017eivota. Zborov\u00fa hudbu pova\u017euje za vrchol spev\u00e1ckeho umenia, preto\u017ee to \u010do zbor dok\u00e1\u017ee vytvori\u0165 m\u00e1 pod\u013ea neho ove\u013ea v\u00e4\u010d\u0161\u00ed potenci\u00e1l, ako ke\u010f spieva spev\u00e1k s\u00e1m. Pedag\u00f3g, dirigent a b\u00fdval\u00fd \u010dlen vok\u00e1lneho zoskupenia The King's Singers \u2013 Christopher Gabbitas.\u200b\u2026","rel":"","context":"V &quot;ROZHOVORY&quot;","img":{"alt_text":"","src":"https:\/\/i0.wp.com\/www.satb.sk\/wp-content\/uploads\/2019\/04\/maxresdefault.jpg?fit=1200%2C675&ssl=1&resize=350%2C200","width":350,"height":200},"classes":[]},{"id":3965,"url":"https:\/\/www.satb.sk\/index.php\/2019\/05\/06\/ola-gjeilo-je-pre-mna-vzrusujuce-vytvorit-nieco-nove-z-nicoho\/","url_meta":{"origin":6239,"position":3},"title":"Ola Gjeilo: Je pre m\u0148a vzru\u0161uj\u00face vytvori\u0165 nie\u010do nov\u00e9 z ni\u010doho","date":"6 m\u00e1ja, 2019","format":false,"excerpt":"Komponova\u0165 za\u010dal e\u0161te pred t\u00fdm ako vedel \u010d\u00edta\u0165 noty. Pod\u013ea jeho vlastn\u00fdch slov nepatril k jednoduch\u00fdm \u0161tudentom, preto\u017ee v\u017edy chcel pracova\u0165 na svojich vlastn\u00fdch veciach. A mo\u017eno pr\u00e1ve preto poznaj\u00fa jeho diela h\u00e1dam v\u0161etci milovn\u00edci zborov\u00e9ho spevu. N\u00f3rsky skladate\u013e a klavirista Ola Gjeilo. V hudobnej sf\u00e9re sa pohybujete u\u017e od\u2026","rel":"","context":"V &quot;ROZHOVORY&quot;","img":{"alt_text":"","src":"https:\/\/i1.wp.com\/www.satb.sk\/wp-content\/uploads\/2019\/04\/\u00a9Mantas-Gudzinevicius-1.jpg?fit=1200%2C798&ssl=1&resize=350%2C200","width":350,"height":200},"classes":[]},{"id":6172,"url":"https:\/\/www.satb.sk\/index.php\/2023\/11\/30\/venovane-generaciam\/","url_meta":{"origin":6239,"position":4},"title":"Venovan\u00e9 gener\u00e1ci\u00e1m","date":"30 novembra, 2023","format":false,"excerpt":"Vysoko\u0161kolsk\u00fd umeleck\u00fd s\u00fabor Technik STU oslavuje 70. v\u00fdro\u010die zalo\u017eenia. Vysoko\u0161kolsk\u00fd umeleck\u00fd s\u00fabor Technik poz\u00fdva pri pr\u00edle\u017eitosti 70. v\u00fdro\u010dia zalo\u017eenia na Sl\u00e1vnostn\u00fd galakoncert, ktor\u00fd sa uskuto\u010dn\u00ed 3. decembra 2023 o 18.00 v Slovenskom rozhlase.\u00a0 Predstavia sa na \u0148om v\u0161etky tri zlo\u017eky s\u00faboru (folkl\u00f3rny s\u00fabor, spev\u00e1cky zbor i\u00a0komorn\u00fd orchester), v\u010faka \u010domu p\u00f4jde\u2026","rel":"","context":"V &quot;PODUJATIA&quot;","img":{"alt_text":"","src":"https:\/\/i0.wp.com\/www.satb.sk\/wp-content\/uploads\/2023\/11\/generaciam-2.jpeg?fit=960%2C536&ssl=1&resize=350%2C200","width":350,"height":200},"classes":[]},{"id":635,"url":"https:\/\/www.satb.sk\/index.php\/2019\/01\/07\/jorg-zwicker-hudobnici-si-musia-byt-vedomi-ze-strach-je-pre-nas-dolezity\/","url_meta":{"origin":6239,"position":5},"title":"J\u00f6rg Zwicker: Hudobn\u00edci si musia by\u0165 vedom\u00ed, \u017ee strach je pre n\u00e1s d\u00f4le\u017eit\u00fd","date":"7 janu\u00e1ra, 2019","format":false,"excerpt":"O tom \u010do je tr\u00e9ma a ako ju m\u00f4\u017eu hudobn\u00edci zvl\u00e1da\u0165 n\u00e1m porozpr\u00e1va hudobn\u00edk a ment\u00e1lny kou\u010d\u00a0J\u00f6rg Zwicker, ktor\u00fd ned\u00e1vno nav\u0161t\u00edvil Bratislavu v r\u00e1mci workshopu na Vysokej \u0161kole m\u00fazick\u00fdch umen\u00ed. P\u00e1n Zwicker, v hudobnom odvetv\u00ed p\u00f4sob\u00edte u\u017e nejak\u00fd \u010das\u2026 \u00c1no, 35 rokov. Okrem toho, \u017ee ste akt\u00edvny hr\u00e1\u010d, ste z\u00e1rove\u0148\u2026","rel":"","context":"V &quot;MAGAZ\u00cdN&quot;","img":{"alt_text":"","src":"https:\/\/i0.wp.com\/www.satb.sk\/wp-content\/uploads\/2019\/01\/seminar4_72_16zu9.jpg?fit=850%2C478&ssl=1&resize=350%2C200","width":350,"height":200},"classes":[]}],"_links":{"self":[{"href":"https:\/\/www.satb.sk\/index.php\/wp-json\/wp\/v2\/posts\/6239"}],"collection":[{"href":"https:\/\/www.satb.sk\/index.php\/wp-json\/wp\/v2\/posts"}],"about":[{"href":"https:\/\/www.satb.sk\/index.php\/wp-json\/wp\/v2\/types\/post"}],"author":[{"embeddable":true,"href":"https:\/\/www.satb.sk\/index.php\/wp-json\/wp\/v2\/users\/1"}],"replies":[{"embeddable":true,"href":"https:\/\/www.satb.sk\/index.php\/wp-json\/wp\/v2\/comments?post=6239"}],"version-history":[{"count":16,"href":"https:\/\/www.satb.sk\/index.php\/wp-json\/wp\/v2\/posts\/6239\/revisions"}],"predecessor-version":[{"id":6252,"href":"https:\/\/www.satb.sk\/index.php\/wp-json\/wp\/v2\/posts\/6239\/revisions\/6252"}],"wp:featuredmedia":[{"embeddable":true,"href":"https:\/\/www.satb.sk\/index.php\/wp-json\/wp\/v2\/media\/6245"}],"wp:attachment":[{"href":"https:\/\/www.satb.sk\/index.php\/wp-json\/wp\/v2\/media?parent=6239"}],"wp:term":[{"taxonomy":"category","embeddable":true,"href":"https:\/\/www.satb.sk\/index.php\/wp-json\/wp\/v2\/categories?post=6239"},{"taxonomy":"post_tag","embeddable":true,"href":"https:\/\/www.satb.sk\/index.php\/wp-json\/wp\/v2\/tags?post=6239"}],"curies":[{"name":"wp","href":"https:\/\/api.w.org\/{rel}","templated":true}]}}